{"id":254389,"date":"2026-04-29T20:42:35","date_gmt":"2026-04-30T03:42:35","guid":{"rendered":"https:\/\/rnoticias.com.mx\/Portal\/?p=254389"},"modified":"2026-04-29T20:42:35","modified_gmt":"2026-04-30T03:42:35","slug":"gobierno-de-sonora-rehabilita-parque-palo-verde-norte-y-fortalece-espacios-de-convivencia-en-hermosillo","status":"publish","type":"post","link":"https:\/\/rnoticias.com.mx\/Portal\/2026\/04\/29\/gobierno-de-sonora-rehabilita-parque-palo-verde-norte-y-fortalece-espacios-de-convivencia-en-hermosillo\/","title":{"rendered":"Gobierno de Sonora rehabilita parque Palo Verde Norte y fortalece espacios de convivencia en Hermosillo"},"content":{"rendered":"<p>Hermosillo, Sonora; 29 de abril de 2026.\u2013 El Gobierno de Sonora, a trav\u00e9s de la Secretar\u00eda de Bienestar, realiz\u00f3 una actividad comunitaria en el parque Palo Verde Norte, en la colonia Palo Verde, como parte de las acciones de rehabilitaci\u00f3n y mejora de espacios p\u00fablicos en la capital del estado.<\/p>\n<p>Durante la jornada se llev\u00f3 a cabo una convivencia con ni\u00f1as y ni\u00f1os que utilizan este espacio para actividades deportivas, en el marco de la pr\u00f3xima conmemoraci\u00f3n del D\u00eda del Ni\u00f1o y la Ni\u00f1a.<\/p>\n<p>El secretario de Bienestar en Sonora, Fernando Rojo de la Vega, destac\u00f3 la importancia de recuperar espacios p\u00fablicos que fomenten la convivencia y el desarrollo de la ni\u00f1ez.<\/p>\n<p>\u201cLos espacios p\u00fablicos cobran sentido cuando las ni\u00f1as y los ni\u00f1os los usan, los disfrutan y los hacen suyos. Este parque hoy no solo es una obra rehabilitada, es un punto de encuentro para la comunidad\u201d, expres\u00f3.<\/p>\n<p>Como parte de la actividad, se entregaron uniformes deportivos, balones, conos y redes para porter\u00edas a un equipo de futbol que entrena en este parque, con el objetivo de fortalecer sus actividades y promover el deporte entre la ni\u00f1ez.<\/p>\n<p>Asimismo, se realiz\u00f3 una convivencia recreativa con la entrega de dulces y una pi\u00f1ata, lo que gener\u00f3 un ambiente de celebraci\u00f3n y sana convivencia entre las familias asistentes.<\/p>\n<p>El parque Palo Verde Norte fue rehabilitado mediante trabajos que incluyeron la mejora de \u00e1reas recreativas y deportivas, instalaci\u00f3n de equipamiento urbano, iluminaci\u00f3n y acondicionamiento de espacios para el uso seguro de la comunidad.<\/p>\n<p>Con este tipo de acciones, la Secretar\u00eda de Bienestar impulsa la recuperaci\u00f3n de espacios p\u00fablicos como puntos de encuentro comunitario, fortaleciendo la convivencia, el deporte y el bienestar de las familias hermosillenses.<\/p>\n","protected":false},"excerpt":{"rendered":"<p>Hermosillo, Sonora; 29 de abril de 2026.\u2013 El Gobierno de Sonora, a trav\u00e9s de la Secretar\u00eda de Bienestar, realiz\u00f3 una actividad comunitaria en el parque Palo Verde Norte, en la colonia Palo Verde, como parte de las acciones de rehabilitaci\u00f3n y mejora de espacios p\u00fablicos en la capital del estado. Durante la jornada se llev\u00f3 [&hellip;]<\/p>\n","protected":false},"author":2,"featured_media":254390,"comment_status":"closed","ping_status":"closed","sticky":false,"template":"","format":"standard","meta":{"footnotes":""},"categories":[178],"tags":[12869],"class_list":["post-254389","post","type-post","status-publish","format-standard","has-post-thumbnail","hentry","category-local","tag-local"],"jetpack_featured_media_url":"https:\/\/rnoticias.com.mx\/Portal\/wp-content\/uploads\/2026\/04\/9-1.jpg","amp_enabled":true,"_links":{"self":[{"href":"https:\/\/rnoticias.com.mx\/Portal\/wp-json\/wp\/v2\/posts\/254389","targetHints":{"allow":["GET"]}}],"collection":[{"href":"https:\/\/rnoticias.com.mx\/Portal\/wp-json\/wp\/v2\/posts"}],"about":[{"href":"https:\/\/rnoticias.com.mx\/Portal\/wp-json\/wp\/v2\/types\/post"}],"author":[{"embeddable":true,"href":"https:\/\/rnoticias.com.mx\/Portal\/wp-json\/wp\/v2\/users\/2"}],"replies":[{"embeddable":true,"href":"https:\/\/rnoticias.com.mx\/Portal\/wp-json\/wp\/v2\/comments?post=254389"}],"version-history":[{"count":1,"href":"https:\/\/rnoticias.com.mx\/Portal\/wp-json\/wp\/v2\/posts\/254389\/revisions"}],"predecessor-version":[{"id":254391,"href":"https:\/\/rnoticias.com.mx\/Portal\/wp-json\/wp\/v2\/posts\/254389\/revisions\/254391"}],"wp:featuredmedia":[{"embeddable":true,"href":"https:\/\/rnoticias.com.mx\/Portal\/wp-json\/wp\/v2\/media\/254390"}],"wp:attachment":[{"href":"https:\/\/rnoticias.com.mx\/Portal\/wp-json\/wp\/v2\/media?parent=254389"}],"wp:term":[{"taxonomy":"category","embeddable":true,"href":"https:\/\/rnoticias.com.mx\/Portal\/wp-json\/wp\/v2\/categories?post=254389"},{"taxonomy":"post_tag","embeddable":true,"href":"https:\/\/rnoticias.com.mx\/Portal\/wp-json\/wp\/v2\/tags?post=254389"}],"curies":[{"name":"wp","href":"https:\/\/api.w.org\/{rel}","templated":true}]}}