{"id":254386,"date":"2026-04-29T20:41:39","date_gmt":"2026-04-30T03:41:39","guid":{"rendered":"https:\/\/rnoticias.com.mx\/Portal\/?p=254386"},"modified":"2026-04-29T20:41:39","modified_gmt":"2026-04-30T03:41:39","slug":"tiro-con-arco-de-sonora-gana-una-presea-de-oro-en-olimpiada-nacional","status":"publish","type":"post","link":"https:\/\/rnoticias.com.mx\/Portal\/2026\/04\/29\/tiro-con-arco-de-sonora-gana-una-presea-de-oro-en-olimpiada-nacional\/","title":{"rendered":"Tiro con arco de Sonora gana una presea de oro en Olimpiada Nacional"},"content":{"rendered":"<p>Hermosillo, Sonora; 29 de abril de 2026.\u2013 La delegaci\u00f3n Sonorense de tiro con arco conquist\u00f3 su primera medalla en la Olimpiada Nacional, una presea de oro, gracias a la actuaci\u00f3n de la dupla Recurvo Mixto Sub 14, integrada por Alejandra Pastel\u00edn y Daniel Vega, quienes se coronaron en Apizaco, Tlaxcala, sede de las competencias de arquer\u00eda.<\/p>\n<p>Despu\u00e9s de terminar como cuartos en la ronda clasificatoria, la pareja sonorense tuvo este mi\u00e9rcoles una gran actuaci\u00f3n, ya que primero sali\u00f3 victoriosa en los cuartos de final, despu\u00e9s en semifinales y cerr\u00f3 ganando la gran final, para subirse a lo m\u00e1s alto del podio, dejando a Nuevo Le\u00f3n y Jalisco con la plata y el bronce, respectivamente.<\/p>\n<p>En la disputa de la presea del m\u00e1ximo color, el d\u00fao sonorense Pastel\u00edn Bautista-Vega Fr\u00edas derrot\u00f3 6-2 a su similar neoleon\u00e9s, equipo compuesto por Eugenia Flores y Rom\u00e1n Polina. Los marcadores a favor de Sonora fueron: 38-32 (2-0), 32-33 (2-2), 35-33 (4-2) y 36-29 (6-2).<\/p>\n<p>La pareja de la entidad empez\u00f3 con un triunfo de 5-4 sobre Baja California (M\u00eda Ortiz e \u00cdker Ahumada) en los cuartos de final, en duelo que se defini\u00f3 en flechas de desempate (19-14); posteriormente, en la semifinal, superaron 6-0 a Jalisco (Iris Noem\u00ed Rodr\u00edguez y C\u00e9sar Niembro) para conseguir el boleto a la final por el metal \u00e1ureo.<\/p>\n<p>Cabe destacar que los sonorenses llegaron a la fase eliminatoria directa como cuarto lugar del ranking, luego de sumar entre ambos mil 211 puntos en la ronda de clasificaci\u00f3n (613 de Daniel Vega y 598 de Alejandra Pastel\u00edn). Los tres primeros fueron: Jalisco (1,322), Nuevo Le\u00f3n (1,280) y Yucat\u00e1n (1,217).<\/p>\n","protected":false},"excerpt":{"rendered":"<p>Hermosillo, Sonora; 29 de abril de 2026.\u2013 La delegaci\u00f3n Sonorense de tiro con arco conquist\u00f3 su primera medalla en la Olimpiada Nacional, una presea de oro, gracias a la actuaci\u00f3n de la dupla Recurvo Mixto Sub 14, integrada por Alejandra Pastel\u00edn y Daniel Vega, quienes se coronaron en Apizaco, Tlaxcala, sede de las competencias de [&hellip;]<\/p>\n","protected":false},"author":2,"featured_media":254387,"comment_status":"closed","ping_status":"closed","sticky":false,"template":"","format":"standard","meta":{"footnotes":""},"categories":[188],"tags":[5231],"class_list":["post-254386","post","type-post","status-publish","format-standard","has-post-thumbnail","hentry","category-deportes","tag-deportes"],"jetpack_featured_media_url":"https:\/\/rnoticias.com.mx\/Portal\/wp-content\/uploads\/2026\/04\/4-3.jpg","amp_enabled":true,"_links":{"self":[{"href":"https:\/\/rnoticias.com.mx\/Portal\/wp-json\/wp\/v2\/posts\/254386","targetHints":{"allow":["GET"]}}],"collection":[{"href":"https:\/\/rnoticias.com.mx\/Portal\/wp-json\/wp\/v2\/posts"}],"about":[{"href":"https:\/\/rnoticias.com.mx\/Portal\/wp-json\/wp\/v2\/types\/post"}],"author":[{"embeddable":true,"href":"https:\/\/rnoticias.com.mx\/Portal\/wp-json\/wp\/v2\/users\/2"}],"replies":[{"embeddable":true,"href":"https:\/\/rnoticias.com.mx\/Portal\/wp-json\/wp\/v2\/comments?post=254386"}],"version-history":[{"count":1,"href":"https:\/\/rnoticias.com.mx\/Portal\/wp-json\/wp\/v2\/posts\/254386\/revisions"}],"predecessor-version":[{"id":254388,"href":"https:\/\/rnoticias.com.mx\/Portal\/wp-json\/wp\/v2\/posts\/254386\/revisions\/254388"}],"wp:featuredmedia":[{"embeddable":true,"href":"https:\/\/rnoticias.com.mx\/Portal\/wp-json\/wp\/v2\/media\/254387"}],"wp:attachment":[{"href":"https:\/\/rnoticias.com.mx\/Portal\/wp-json\/wp\/v2\/media?parent=254386"}],"wp:term":[{"taxonomy":"category","embeddable":true,"href":"https:\/\/rnoticias.com.mx\/Portal\/wp-json\/wp\/v2\/categories?post=254386"},{"taxonomy":"post_tag","embeddable":true,"href":"https:\/\/rnoticias.com.mx\/Portal\/wp-json\/wp\/v2\/tags?post=254386"}],"curies":[{"name":"wp","href":"https:\/\/api.w.org\/{rel}","templated":true}]}}