{"id":254368,"date":"2026-04-29T20:30:49","date_gmt":"2026-04-30T03:30:49","guid":{"rendered":"https:\/\/rnoticias.com.mx\/Portal\/?p=254368"},"modified":"2026-04-29T20:30:49","modified_gmt":"2026-04-30T03:30:49","slug":"impulsa-ine-participacion-politica-de-las-mujeres-con-el-respaldo-estrategico-del-pnud","status":"publish","type":"post","link":"https:\/\/rnoticias.com.mx\/Portal\/2026\/04\/29\/impulsa-ine-participacion-politica-de-las-mujeres-con-el-respaldo-estrategico-del-pnud\/","title":{"rendered":"Impulsa INE participaci\u00f3n pol\u00edtica de las mujeres con el respaldo estrat\u00e9gico del PNUD"},"content":{"rendered":"<p class=\"x_MsoNormal\"><span data-olk-copy-source=\"MessageBody\">Con la aprobaci\u00f3n de la convocatoria y las reglas de operaci\u00f3n del Programa Nacional de Impulso a la Participaci\u00f3n Pol\u00edtica de Mujeres a trav\u00e9s de Organizaciones de la Sociedad Civil (OSC), por parte de la Comisi\u00f3n de Capacitaci\u00f3n Electoral y Educaci\u00f3n C\u00edvica del Instituto Nacional Electoral (INE), inicia formalmente su edici\u00f3n 2026, que se consolida como un mecanismo estrat\u00e9gico para reducir la brecha de g\u00e9nero en el \u00e1mbito p\u00fablico.<\/span><\/p>\n<p class=\"x_MsoNormal\">\n<p class=\"x_MsoNormal\">Esta iniciativa busca fortalecer la incidencia de las mujeres en los espacios de toma de decisiones, mediante el financiamiento y acompa\u00f1amiento t\u00e9cnico de proyectos desarrollados en todas las entidades del pa\u00eds. El despliegue operativo de este a\u00f1o se alinea con los objetivos de la Estrategia Nacional de Educaci\u00f3n C\u00edvica, para promover una ciudadan\u00eda plena y libre de discriminaci\u00f3n.<\/p>\n<p class=\"x_MsoNormal\">\n<p class=\"x_MsoNormal\">La colaboraci\u00f3n internacional define el perfil de esta edici\u00f3n mediante la alianza estrat\u00e9gica con el Programa de las Naciones Unidas para el Desarrollo (PNUD), organismo que particip\u00f3 activamente en el robustecimiento de los documentos normativos.<\/p>\n<p class=\"x_MsoNormal\">\n<p class=\"x_MsoNormal\">Dicha sinergia permiti\u00f3 integrar observaciones t\u00e9cnicas especializadas, tanto del programa internacional como de la Unidad T\u00e9cnica de Igualdad de G\u00e9nero y No Discriminaci\u00f3n del INE. El dise\u00f1o resultante asegura que los proyectos seleccionados operen bajo est\u00e1ndares de perspectiva de g\u00e9nero, interseccionalidad e interculturalidad.<\/p>\n<p class=\"x_MsoNormal\">\n<p class=\"x_MsoNormal\">El sustento jur\u00eddico y administrativo del programa descansa en dos instrumentos fundamentales: la convocatoria y las reglas de operaci\u00f3n. Mientras la primera detalla las modalidades, tem\u00e1ticas y requisitos de participaci\u00f3n, las segundas garantizan la certeza jur\u00eddica con criterios de elegibilidad precisos y mecanismos de ejecuci\u00f3n rigurosos. Ambos documentos fueron actualizados para esta edici\u00f3n 2026, a fin de optimizar las bases de participaci\u00f3n y diversificar los anexos t\u00e9cnicos para cada tipo de modalidad.<\/p>\n<p class=\"x_MsoNormal\">\n<p class=\"x_MsoNormal\">De igual manera, la transparencia y la rendici\u00f3n de cuentas registran una mejora significativa tras la integraci\u00f3n de acciones correctivas y preventivas derivadas de procesos de fiscalizaci\u00f3n previos. Al respecto se dio cumplimiento estricto a las disposiciones del \u00d3rgano Interno de Control del Instituto. Asimismo, la estructura operativa actual retoma y da continuidad a las recomendaciones emitidas por las Consejer\u00edas Electorales y los integrantes del jurado calificador de ediciones anteriores.<\/p>\n<p class=\"x_MsoNormal\">\n<p class=\"x_MsoNormal\">Sobre el enfoque tem\u00e1tico de los proyectos participantes, se especifica que deber\u00e1 centrarse en la promoci\u00f3n de los derechos pol\u00edtico-electorales y el ejercicio de liderazgos efectivos de las mujeres; por lo que las organizaciones interesadas deber\u00e1n orientar sus propuestas hacia la prevenci\u00f3n y atenci\u00f3n de la Violencia Pol\u00edtica contra las Mujeres en Raz\u00f3n de G\u00e9nero, una prioridad institucional para garantizar entornos democr\u00e1ticos seguros. Este compromiso se traduce en mecanismos de seguimiento reforzados, que acompa\u00f1ar\u00e1n la implementaci\u00f3n de cada proyecto en territorio.<\/p>\n<p class=\"x_MsoNormal\">\n<p class=\"x_MsoNormal\">Tras la validaci\u00f3n final de las observaciones por parte de las instancias t\u00e9cnicas involucradas, el proceso administrativo entra a su fase de publicaci\u00f3n de la convocatoria y reglas de operaci\u00f3n, con lo cual se inicia<span lang=\"EN-US\">r\u00e1\u00a0<\/span>la recepci\u00f3n de proyectos que integrar\u00e1n la decimos\u00e9ptima generaci\u00f3n de este programa fundamental para la democracia mexicana.<\/p>\n","protected":false},"excerpt":{"rendered":"<p>Con la aprobaci\u00f3n de la convocatoria y las reglas de operaci\u00f3n del Programa Nacional de Impulso a la Participaci\u00f3n Pol\u00edtica de Mujeres a trav\u00e9s de Organizaciones de la Sociedad Civil (OSC), por parte de la Comisi\u00f3n de Capacitaci\u00f3n Electoral y Educaci\u00f3n C\u00edvica del Instituto Nacional Electoral (INE), inicia formalmente su edici\u00f3n 2026, que se consolida [&hellip;]<\/p>\n","protected":false},"author":2,"featured_media":254369,"comment_status":"closed","ping_status":"closed","sticky":false,"template":"","format":"standard","meta":{"footnotes":""},"categories":[12870,12868],"tags":[12865,12879],"class_list":["post-254368","post","type-post","status-publish","format-standard","has-post-thumbnail","hentry","category-destacadas","category-politica","tag-destacadas","tag-politica"],"jetpack_featured_media_url":"https:\/\/rnoticias.com.mx\/Portal\/wp-content\/uploads\/2026\/04\/INE-1.jpg","amp_enabled":true,"_links":{"self":[{"href":"https:\/\/rnoticias.com.mx\/Portal\/wp-json\/wp\/v2\/posts\/254368","targetHints":{"allow":["GET"]}}],"collection":[{"href":"https:\/\/rnoticias.com.mx\/Portal\/wp-json\/wp\/v2\/posts"}],"about":[{"href":"https:\/\/rnoticias.com.mx\/Portal\/wp-json\/wp\/v2\/types\/post"}],"author":[{"embeddable":true,"href":"https:\/\/rnoticias.com.mx\/Portal\/wp-json\/wp\/v2\/users\/2"}],"replies":[{"embeddable":true,"href":"https:\/\/rnoticias.com.mx\/Portal\/wp-json\/wp\/v2\/comments?post=254368"}],"version-history":[{"count":1,"href":"https:\/\/rnoticias.com.mx\/Portal\/wp-json\/wp\/v2\/posts\/254368\/revisions"}],"predecessor-version":[{"id":254370,"href":"https:\/\/rnoticias.com.mx\/Portal\/wp-json\/wp\/v2\/posts\/254368\/revisions\/254370"}],"wp:featuredmedia":[{"embeddable":true,"href":"https:\/\/rnoticias.com.mx\/Portal\/wp-json\/wp\/v2\/media\/254369"}],"wp:attachment":[{"href":"https:\/\/rnoticias.com.mx\/Portal\/wp-json\/wp\/v2\/media?parent=254368"}],"wp:term":[{"taxonomy":"category","embeddable":true,"href":"https:\/\/rnoticias.com.mx\/Portal\/wp-json\/wp\/v2\/categories?post=254368"},{"taxonomy":"post_tag","embeddable":true,"href":"https:\/\/rnoticias.com.mx\/Portal\/wp-json\/wp\/v2\/tags?post=254368"}],"curies":[{"name":"wp","href":"https:\/\/api.w.org\/{rel}","templated":true}]}}