{"id":254362,"date":"2026-04-29T20:09:52","date_gmt":"2026-04-30T03:09:52","guid":{"rendered":"https:\/\/rnoticias.com.mx\/Portal\/?p=254362"},"modified":"2026-04-29T20:09:52","modified_gmt":"2026-04-30T03:09:52","slug":"anuncian-relevo-directivo-y-semana-de-la-contaduria-2026-en-sonora","status":"publish","type":"post","link":"https:\/\/rnoticias.com.mx\/Portal\/2026\/04\/29\/anuncian-relevo-directivo-y-semana-de-la-contaduria-2026-en-sonora\/","title":{"rendered":"Anuncian relevo directivo y Semana de la Contadur\u00eda 2026 en Sonora"},"content":{"rendered":"<p>Hermosillo, Sonora.- En el marco de la conmemoraci\u00f3n de los 119 a\u00f1os de la contadur\u00eda p\u00fablica en M\u00e9xico, el presidente entrante del Colegio de Contadores P\u00fablicos de Sonora; Pedro W. Tapia Maldonado, anunci\u00f3 la realizaci\u00f3n del evento protocolario de cambio de consejo directivo, programado para el mi\u00e9rcoles 13 de mayo a las 7:30 de la ma\u00f1ana en el Sal\u00f3n Victoria del Club de Golf Los Lagos, acto que marcar\u00e1 el inicio de una nueva etapa institucional y dar\u00e1 apertura a un programa t\u00e9cnico y conmemorativo orientado al fortalecimiento del gremio y la actualizaci\u00f3n profesional.<\/p>\n<p>Durante la presentaci\u00f3n, se destac\u00f3 que este acto protocolario representa no solo la transici\u00f3n de liderazgo dentro del organismo, sino tambi\u00e9n la oportunidad de fortalecer la unidad gremial, impulsar la capacitaci\u00f3n continua y refrendar el compromiso del colegio con la \u00e9tica, la actualizaci\u00f3n y el desarrollo profesional de sus asociados y de la sociedad en general.<\/p>\n<p>\u201cEste cambio de consejo simboliza continuidad, responsabilidad y visi\u00f3n de futuro. Queremos seguir construyendo un colegio cercano, fuerte y participativo, que responda a las necesidades actuales del gremio y mantenga viva la vocaci\u00f3n de servicio hacia la comunidad\u201d, expres\u00f3 Pedro Tapia Maldonado.<\/p>\n<p>Como parte de las actividades conmemorativas, el expresidente del colegio; Jos\u00e9 Fidel Ram\u00edrez Jim\u00e9nez, present\u00f3 el programa de la Semana de la Contadur\u00eda 2026, que se desarrollar\u00e1 del 13 al 15 de mayo en las instalaciones del Colegio de Contadores P\u00fablicos de Sonora en Hermosillo.<\/p>\n<p>El encuentro incluir\u00e1 un foro t\u00e9cnico integral con ocho conferencias, an\u00e1lisis especializados y espacios de actualizaci\u00f3n profesional dirigidos a contadores, estudiantes, empresarios y p\u00fablico interesado, con modalidad presencial y virtual para ampliar su alcance y participaci\u00f3n.<\/p>\n<p>\u201cCelebrar 119 a\u00f1os de la contadur\u00eda p\u00fablica implica reconocer la evoluci\u00f3n de nuestra profesi\u00f3n y acercar el conocimiento a nuevas generaciones. Este programa t\u00e9cnico busca abrir el di\u00e1logo, compartir experiencias y fortalecer la preparaci\u00f3n acad\u00e9mica y profesional de quienes forman parte del sector\u201d, se\u00f1al\u00f3 Ram\u00edrez Jim\u00e9nez.<\/p>\n<p>En el marco de esta celebraci\u00f3n tambi\u00e9n se reconocer\u00e1 al Dr. Sa\u00fal L\u00f3pez Montiel como Contador Distinguido 2026, distinci\u00f3n que honra su trayectoria y valiosa aportaci\u00f3n al gremio. Asimismo, se entregar\u00e1 el reconocimiento al Maestro Distinguido 2025; David Heriberto V\u00e1squez L\u00f3pez, de la Universidad Estatal de Sonora, as\u00ed como a la Alumna Distinguida; Vivian Thaly Wilson S\u00e1nchez, estudiante de la Universidad de Sonora.<\/p>\n<p>\u201cRecibir este reconocimiento representa una gran responsabilidad y un compromiso renovado con la profesi\u00f3n. La contadur\u00eda nos exige preparaci\u00f3n permanente, \u00e9tica y disposici\u00f3n para aportar al crecimiento de nuestra sociedad\u201d, expres\u00f3 Sa\u00fal L\u00f3pez Montiel.<\/p>\n","protected":false},"excerpt":{"rendered":"<p>Hermosillo, Sonora.- En el marco de la conmemoraci\u00f3n de los 119 a\u00f1os de la contadur\u00eda p\u00fablica en M\u00e9xico, el presidente entrante del Colegio de Contadores P\u00fablicos de Sonora; Pedro W. Tapia Maldonado, anunci\u00f3 la realizaci\u00f3n del evento protocolario de cambio de consejo directivo, programado para el mi\u00e9rcoles 13 de mayo a las 7:30 de la [&hellip;]<\/p>\n","protected":false},"author":2,"featured_media":254363,"comment_status":"closed","ping_status":"closed","sticky":false,"template":"","format":"standard","meta":{"footnotes":""},"categories":[12870,178],"tags":[12865,12869],"class_list":["post-254362","post","type-post","status-publish","format-standard","has-post-thumbnail","hentry","category-destacadas","category-local","tag-destacadas","tag-local"],"jetpack_featured_media_url":"https:\/\/rnoticias.com.mx\/Portal\/wp-content\/uploads\/2026\/04\/2003-1.jpg","amp_enabled":true,"_links":{"self":[{"href":"https:\/\/rnoticias.com.mx\/Portal\/wp-json\/wp\/v2\/posts\/254362","targetHints":{"allow":["GET"]}}],"collection":[{"href":"https:\/\/rnoticias.com.mx\/Portal\/wp-json\/wp\/v2\/posts"}],"about":[{"href":"https:\/\/rnoticias.com.mx\/Portal\/wp-json\/wp\/v2\/types\/post"}],"author":[{"embeddable":true,"href":"https:\/\/rnoticias.com.mx\/Portal\/wp-json\/wp\/v2\/users\/2"}],"replies":[{"embeddable":true,"href":"https:\/\/rnoticias.com.mx\/Portal\/wp-json\/wp\/v2\/comments?post=254362"}],"version-history":[{"count":1,"href":"https:\/\/rnoticias.com.mx\/Portal\/wp-json\/wp\/v2\/posts\/254362\/revisions"}],"predecessor-version":[{"id":254364,"href":"https:\/\/rnoticias.com.mx\/Portal\/wp-json\/wp\/v2\/posts\/254362\/revisions\/254364"}],"wp:featuredmedia":[{"embeddable":true,"href":"https:\/\/rnoticias.com.mx\/Portal\/wp-json\/wp\/v2\/media\/254363"}],"wp:attachment":[{"href":"https:\/\/rnoticias.com.mx\/Portal\/wp-json\/wp\/v2\/media?parent=254362"}],"wp:term":[{"taxonomy":"category","embeddable":true,"href":"https:\/\/rnoticias.com.mx\/Portal\/wp-json\/wp\/v2\/categories?post=254362"},{"taxonomy":"post_tag","embeddable":true,"href":"https:\/\/rnoticias.com.mx\/Portal\/wp-json\/wp\/v2\/tags?post=254362"}],"curies":[{"name":"wp","href":"https:\/\/api.w.org\/{rel}","templated":true}]}}