{"id":254350,"date":"2026-04-29T20:03:31","date_gmt":"2026-04-30T03:03:31","guid":{"rendered":"https:\/\/rnoticias.com.mx\/Portal\/?p=254350"},"modified":"2026-04-29T20:03:31","modified_gmt":"2026-04-30T03:03:31","slug":"impulsara-ayuntamiento-de-cajeme-creacion-de-patronato-ciudadano-para-canalizar-apoyos-y-beneficios","status":"publish","type":"post","link":"https:\/\/rnoticias.com.mx\/Portal\/2026\/04\/29\/impulsara-ayuntamiento-de-cajeme-creacion-de-patronato-ciudadano-para-canalizar-apoyos-y-beneficios\/","title":{"rendered":"Impulsar\u00e1 Ayuntamiento de Cajeme creaci\u00f3n de patronato ciudadano para canalizar apoyos y beneficios"},"content":{"rendered":"<p>El Ayuntamiento de Cajeme anunci\u00f3 la creaci\u00f3n de un patronato voluntario que administrar\u00e1 un fondo destinado a beneficiar a la poblaci\u00f3n, con el objetivo de evitar gastos burocr\u00e1ticos y garantizar que los recursos se apliquen de forma \u00edntegra en apoyos directos.<\/p>\n<p>&nbsp;<\/p>\n<p>El alcalde de Ciudad Obreg\u00f3n, Javier Lamarque Cano, inform\u00f3 que este organismo buscar\u00e1 gestionar beneficios como acceso a vivienda, apoyos para su construcci\u00f3n y descuentos en comercios y servicios locales, como parte de un esfuerzo solidario para reconocer y respaldar la labor de distintos sectores de la comunidad.<\/p>\n<p>&nbsp;<\/p>\n<p>\u201cUn patronato que adem\u00e1s, que estamos buscando, sea un patronato primeramente\u00a0voluntario, que no sea un negocio, sino voluntario, para que el recurso se pueda aplicar \u00edntegramente,\u00a0que no se gaste ese recurso en el pago de estructuras burocr\u00e1ticas del patronato\u201d, declar\u00f3.<\/p>\n<p>&nbsp;<\/p>\n<p>Lamarque Cano, confi\u00f3 que con este modelo la participaci\u00f3n ciudadana crezca y se fomente la confianza en el uso de los recursos, al priorizar esquemas transparentes.<\/p>\n<p>&nbsp;<\/p>\n","protected":false},"excerpt":{"rendered":"<p>El Ayuntamiento de Cajeme anunci\u00f3 la creaci\u00f3n de un patronato voluntario que administrar\u00e1 un fondo destinado a beneficiar a la poblaci\u00f3n, con el objetivo de evitar gastos burocr\u00e1ticos y garantizar que los recursos se apliquen de forma \u00edntegra en apoyos directos. &nbsp; El alcalde de Ciudad Obreg\u00f3n, Javier Lamarque Cano, inform\u00f3 que este organismo buscar\u00e1 [&hellip;]<\/p>\n","protected":false},"author":2,"featured_media":254351,"comment_status":"closed","ping_status":"closed","sticky":false,"template":"","format":"standard","meta":{"footnotes":""},"categories":[12870,174],"tags":[12865,12873],"class_list":["post-254350","post","type-post","status-publish","format-standard","has-post-thumbnail","hentry","category-destacadas","category-estatal","tag-destacadas","tag-estatal"],"jetpack_featured_media_url":"https:\/\/rnoticias.com.mx\/Portal\/wp-content\/uploads\/2026\/04\/2024112544412.jpg","amp_enabled":true,"_links":{"self":[{"href":"https:\/\/rnoticias.com.mx\/Portal\/wp-json\/wp\/v2\/posts\/254350","targetHints":{"allow":["GET"]}}],"collection":[{"href":"https:\/\/rnoticias.com.mx\/Portal\/wp-json\/wp\/v2\/posts"}],"about":[{"href":"https:\/\/rnoticias.com.mx\/Portal\/wp-json\/wp\/v2\/types\/post"}],"author":[{"embeddable":true,"href":"https:\/\/rnoticias.com.mx\/Portal\/wp-json\/wp\/v2\/users\/2"}],"replies":[{"embeddable":true,"href":"https:\/\/rnoticias.com.mx\/Portal\/wp-json\/wp\/v2\/comments?post=254350"}],"version-history":[{"count":1,"href":"https:\/\/rnoticias.com.mx\/Portal\/wp-json\/wp\/v2\/posts\/254350\/revisions"}],"predecessor-version":[{"id":254352,"href":"https:\/\/rnoticias.com.mx\/Portal\/wp-json\/wp\/v2\/posts\/254350\/revisions\/254352"}],"wp:featuredmedia":[{"embeddable":true,"href":"https:\/\/rnoticias.com.mx\/Portal\/wp-json\/wp\/v2\/media\/254351"}],"wp:attachment":[{"href":"https:\/\/rnoticias.com.mx\/Portal\/wp-json\/wp\/v2\/media?parent=254350"}],"wp:term":[{"taxonomy":"category","embeddable":true,"href":"https:\/\/rnoticias.com.mx\/Portal\/wp-json\/wp\/v2\/categories?post=254350"},{"taxonomy":"post_tag","embeddable":true,"href":"https:\/\/rnoticias.com.mx\/Portal\/wp-json\/wp\/v2\/tags?post=254350"}],"curies":[{"name":"wp","href":"https:\/\/api.w.org\/{rel}","templated":true}]}}