{"id":254341,"date":"2026-04-29T19:55:51","date_gmt":"2026-04-30T02:55:51","guid":{"rendered":"https:\/\/rnoticias.com.mx\/Portal\/?p=254341"},"modified":"2026-04-29T19:55:51","modified_gmt":"2026-04-30T02:55:51","slug":"invita-gobierno-de-hermosillo-a-un-paseo-diferente-en-el-dogebus","status":"publish","type":"post","link":"https:\/\/rnoticias.com.mx\/Portal\/2026\/04\/29\/invita-gobierno-de-hermosillo-a-un-paseo-diferente-en-el-dogebus\/","title":{"rendered":"Invita Gobierno de Hermosillo a un paseo diferente en el \u201cDogeBus\u201d"},"content":{"rendered":"<p><b data-olk-copy-source=\"MessageBody\">Hermosillo, Sonora; 29 de abril, 2026.-<\/b>\u00a0Las y los hermosillenses podr\u00e1n realizar un recorrido en el \u201cDogeBus\u201d junto a sus animales de compa\u00f1\u00eda como parte de las actividades que tiene preparadas el Gobierno de Hermosillo este domingo 3 de mayo durante la tercera edici\u00f3n de Poms &amp; Friends.<\/p>\n<p>Este recorrido se realizar\u00e1 en dos horarios: a las 19:00 y 20:00 horas desde la Plaza Zaragoza hacia el Parque Madero donde se llevar\u00e1 a cabo la edici\u00f3n de Poms &amp; Friends; para las y los interesados en obtener su boleto gratis se canjea por croquetas para perritos que ser\u00e1n donadas a organizaciones civiles.<\/p>\n<p>La Direcci\u00f3n de Desarrollo Tur\u00edstico de la Agencia Municipal de Desarrollo Econ\u00f3mico, AMDE, promueve, en alianza con Poms &amp; Friends, la tercera edici\u00f3n del festival gratuito que contar\u00e1 con un bazar de emprendedores locales, presentaciones art\u00edsticas y pl\u00e1ticas sobre cuidado animal y duelo por la p\u00e9rdida de animales de compa\u00f1\u00eda.<\/p>\n<p>El pasado fin de semana se realiz\u00f3 una caminata con causa en apoyo a rescatistas de animales de compa\u00f1\u00eda con el fin de generar conciencia y respaldo a quienes trabajan en favor del bienestar animal.<\/p>\n","protected":false},"excerpt":{"rendered":"<p>Hermosillo, Sonora; 29 de abril, 2026.-\u00a0Las y los hermosillenses podr\u00e1n realizar un recorrido en el \u201cDogeBus\u201d junto a sus animales de compa\u00f1\u00eda como parte de las actividades que tiene preparadas el Gobierno de Hermosillo este domingo 3 de mayo durante la tercera edici\u00f3n de Poms &amp; Friends. Este recorrido se realizar\u00e1 en dos horarios: a [&hellip;]<\/p>\n","protected":false},"author":2,"featured_media":254342,"comment_status":"closed","ping_status":"closed","sticky":false,"template":"","format":"standard","meta":{"footnotes":""},"categories":[12870,178],"tags":[12865,12869],"class_list":["post-254341","post","type-post","status-publish","format-standard","has-post-thumbnail","hentry","category-destacadas","category-local","tag-destacadas","tag-local"],"jetpack_featured_media_url":"https:\/\/rnoticias.com.mx\/Portal\/wp-content\/uploads\/2026\/04\/Invita-Gobierno-de-Hermosillo-a-un-paseo-diferente-en-el-DogeBus.jpeg","amp_enabled":true,"_links":{"self":[{"href":"https:\/\/rnoticias.com.mx\/Portal\/wp-json\/wp\/v2\/posts\/254341","targetHints":{"allow":["GET"]}}],"collection":[{"href":"https:\/\/rnoticias.com.mx\/Portal\/wp-json\/wp\/v2\/posts"}],"about":[{"href":"https:\/\/rnoticias.com.mx\/Portal\/wp-json\/wp\/v2\/types\/post"}],"author":[{"embeddable":true,"href":"https:\/\/rnoticias.com.mx\/Portal\/wp-json\/wp\/v2\/users\/2"}],"replies":[{"embeddable":true,"href":"https:\/\/rnoticias.com.mx\/Portal\/wp-json\/wp\/v2\/comments?post=254341"}],"version-history":[{"count":1,"href":"https:\/\/rnoticias.com.mx\/Portal\/wp-json\/wp\/v2\/posts\/254341\/revisions"}],"predecessor-version":[{"id":254343,"href":"https:\/\/rnoticias.com.mx\/Portal\/wp-json\/wp\/v2\/posts\/254341\/revisions\/254343"}],"wp:featuredmedia":[{"embeddable":true,"href":"https:\/\/rnoticias.com.mx\/Portal\/wp-json\/wp\/v2\/media\/254342"}],"wp:attachment":[{"href":"https:\/\/rnoticias.com.mx\/Portal\/wp-json\/wp\/v2\/media?parent=254341"}],"wp:term":[{"taxonomy":"category","embeddable":true,"href":"https:\/\/rnoticias.com.mx\/Portal\/wp-json\/wp\/v2\/categories?post=254341"},{"taxonomy":"post_tag","embeddable":true,"href":"https:\/\/rnoticias.com.mx\/Portal\/wp-json\/wp\/v2\/tags?post=254341"}],"curies":[{"name":"wp","href":"https:\/\/api.w.org\/{rel}","templated":true}]}}