{"id":254338,"date":"2026-04-29T17:57:54","date_gmt":"2026-04-30T00:57:54","guid":{"rendered":"https:\/\/rnoticias.com.mx\/Portal\/?p=254338"},"modified":"2026-04-29T17:57:54","modified_gmt":"2026-04-30T00:57:54","slug":"instituye-cabildo-el-dia-de-la-salud-mental-en-hermosillo-con-acciones-de-atencion-y-concientizacion","status":"publish","type":"post","link":"https:\/\/rnoticias.com.mx\/Portal\/2026\/04\/29\/instituye-cabildo-el-dia-de-la-salud-mental-en-hermosillo-con-acciones-de-atencion-y-concientizacion\/","title":{"rendered":"Instituye Cabildo el D\u00eda de la Salud Mental en Hermosillo con acciones de atenci\u00f3n y concientizaci\u00f3n"},"content":{"rendered":"<p>Hermosillo, Sonora; 29 de abril de 2026.- Con el objetivo de promover de manera permanente la sensibilizaci\u00f3n social, la prevenci\u00f3n comunitaria y la participaci\u00f3n ciudadana en favor del bienestar mental, integrantes de Cabildo de Hermosillo aprobaron instituir el d\u00eda 10 de cada mes como fecha de referencia para \u201cEl D\u00eda de la Salud Mental en Hermosillo\u201d.<\/p>\n<p>En sesi\u00f3n ordinaria encabezada por el presidente municipal Antonio Astiazar\u00e1n Guti\u00e9rrez, se aprob\u00f3 por unanimidad el dictamen presentado por la Comisi\u00f3n de Recreaci\u00f3n, Deporte y Atenci\u00f3n a la Juventud, iniciativa impulsada por j\u00f3venes del municipio para visibilizar la importancia de atender la salud mental y derribar estigmas en torno al tema.<\/p>\n<p>El acuerdo contempla la realizaci\u00f3n de campa\u00f1as de difusi\u00f3n, conversatorios, talleres, foros y actividades culturales, deportivas y recreativas, as\u00ed como acciones de participaci\u00f3n juvenil y comunitaria, difusi\u00f3n de rutas de orientaci\u00f3n y coordinaci\u00f3n con instituciones educativas, organismos de la sociedad civil y dependencias p\u00fablicas.<\/p>\n<p>Adem\u00e1s, se instruy\u00f3 a la Direcci\u00f3n General de Salud P\u00fablica Municipal, al Instituto Municipal de la Juventud y al DIF Hermosillo a coordinar esfuerzos para ampliar el alcance de estas acciones mediante estrategias de prevenci\u00f3n, orientaci\u00f3n familiar, fortalecimiento de redes de apoyo y acompa\u00f1amiento comunitario, especialmente en grupos en situaci\u00f3n de vulnerabilidad.<\/p>\n<p>\u201cQuiero sumarme al reconocimiento de nuestras amigas y amigos j\u00f3venes impulsores de esta propuesta que hoy estamos sometiendo a consideraci\u00f3n, es sin duda una lucha que se ha venido haciendo y que en especial yo quiero reconocer mucho la participaci\u00f3n de Cabildo Juvenil actual y anterior que ha sido sin duda un gran tema\u201d, expres\u00f3 Antonio Astiazar\u00e1n.<\/p>\n<p>Durante la sesi\u00f3n se destac\u00f3 que esta iniciativa surge de propuestas ciudadanas presentadas por j\u00f3venes hermosillenses como Karim L\u00f3pez ex presidente de Cabildo Juvenil, quien plante\u00f3 generar acciones permanentes para hablar de salud mental m\u00e1s all\u00e1 de fechas conmemorativas, promoviendo la empat\u00eda, la prevenci\u00f3n y el acompa\u00f1amiento social.<\/p>\n<p>Actualmente, el Ayuntamiento de Hermosillo impulsa acciones en la materia a trav\u00e9s de la Direcci\u00f3n de Salud Mental, talleres y conferencias de sensibilizaci\u00f3n, adem\u00e1s de siete sedes de atenci\u00f3n psicol\u00f3gica operadas por DIF Hermosillo en la ciudad, el poblado Miguel Alem\u00e1n y Bah\u00eda de Kino, as\u00ed como programas preventivos dirigidos a juventudes como Conecta Contigo ha impactado a m\u00e1s de 2 mil 500 j\u00f3venes.<\/p>\n<p>Asimismo, integrantes de Cabildo aprobaron dict\u00e1menes de la Comisi\u00f3n de Seguridad P\u00fablica y Tr\u00e1nsito relacionados con la actualizaci\u00f3n y fortalecimiento de protocolos de actuaci\u00f3n policial con enfoque en derechos humanos que permitan fortalecer la labor que elementos realizan para servir y proteger a la ciudadan\u00eda.<\/p>\n<p>Adem\u00e1s, durante la sesi\u00f3n ordinaria se aprobaron asuntos relacionados con nomenclatura municipal, entre ellos la asignaci\u00f3n de nombres a vialidades y espacios de la ciudad, as\u00ed como cambios de denominaci\u00f3n en calles de distintas colonias de Hermosillo, con el objetivo de fortalecer la identidad urbana y reconocer tanto a ciudadanos como figuras destacadas.<\/p>\n<p>De igual manera, integrantes de Cabildo aprobaron dict\u00e1menes de las comisiones de Hacienda, Patrimonio y Cuenta P\u00fablica; Comercio y Espect\u00e1culos; Gobernaci\u00f3n y Reglamentaci\u00f3n Municipal; y Asuntos Laborales, relacionados con informes financieros del primer trimestre de 2026, manuales de organizaci\u00f3n y procedimientos de dependencias municipales, permisos comerciales y jubilaciones complementarias y vejez complementaria para personal del Ayuntamiento.<\/p>\n","protected":false},"excerpt":{"rendered":"<p>Hermosillo, Sonora; 29 de abril de 2026.- Con el objetivo de promover de manera permanente la sensibilizaci\u00f3n social, la prevenci\u00f3n comunitaria y la participaci\u00f3n ciudadana en favor del bienestar mental, integrantes de Cabildo de Hermosillo aprobaron instituir el d\u00eda 10 de cada mes como fecha de referencia para \u201cEl D\u00eda de la Salud Mental en [&hellip;]<\/p>\n","protected":false},"author":2,"featured_media":254339,"comment_status":"closed","ping_status":"closed","sticky":false,"template":"","format":"standard","meta":{"footnotes":""},"categories":[12870,178],"tags":[12865,12869],"class_list":["post-254338","post","type-post","status-publish","format-standard","has-post-thumbnail","hentry","category-destacadas","category-local","tag-destacadas","tag-local"],"jetpack_featured_media_url":"https:\/\/rnoticias.com.mx\/Portal\/wp-content\/uploads\/2026\/04\/Instituye-Cabido-el-Dia-de-la-Salud-Mental-en-Hermosillo-con-acciones-de-atencion-y-concientizacion.jpeg","amp_enabled":true,"_links":{"self":[{"href":"https:\/\/rnoticias.com.mx\/Portal\/wp-json\/wp\/v2\/posts\/254338","targetHints":{"allow":["GET"]}}],"collection":[{"href":"https:\/\/rnoticias.com.mx\/Portal\/wp-json\/wp\/v2\/posts"}],"about":[{"href":"https:\/\/rnoticias.com.mx\/Portal\/wp-json\/wp\/v2\/types\/post"}],"author":[{"embeddable":true,"href":"https:\/\/rnoticias.com.mx\/Portal\/wp-json\/wp\/v2\/users\/2"}],"replies":[{"embeddable":true,"href":"https:\/\/rnoticias.com.mx\/Portal\/wp-json\/wp\/v2\/comments?post=254338"}],"version-history":[{"count":1,"href":"https:\/\/rnoticias.com.mx\/Portal\/wp-json\/wp\/v2\/posts\/254338\/revisions"}],"predecessor-version":[{"id":254340,"href":"https:\/\/rnoticias.com.mx\/Portal\/wp-json\/wp\/v2\/posts\/254338\/revisions\/254340"}],"wp:featuredmedia":[{"embeddable":true,"href":"https:\/\/rnoticias.com.mx\/Portal\/wp-json\/wp\/v2\/media\/254339"}],"wp:attachment":[{"href":"https:\/\/rnoticias.com.mx\/Portal\/wp-json\/wp\/v2\/media?parent=254338"}],"wp:term":[{"taxonomy":"category","embeddable":true,"href":"https:\/\/rnoticias.com.mx\/Portal\/wp-json\/wp\/v2\/categories?post=254338"},{"taxonomy":"post_tag","embeddable":true,"href":"https:\/\/rnoticias.com.mx\/Portal\/wp-json\/wp\/v2\/tags?post=254338"}],"curies":[{"name":"wp","href":"https:\/\/api.w.org\/{rel}","templated":true}]}}