{"id":254331,"date":"2026-04-29T13:14:57","date_gmt":"2026-04-29T20:14:57","guid":{"rendered":"https:\/\/rnoticias.com.mx\/Portal\/?p=254331"},"modified":"2026-04-29T13:14:57","modified_gmt":"2026-04-29T20:14:57","slug":"realiza-gobierno-de-sonora-reunion-mensual-de-voluntariados-en-casa-de-dia-y-casa-hogar","status":"publish","type":"post","link":"https:\/\/rnoticias.com.mx\/Portal\/2026\/04\/29\/realiza-gobierno-de-sonora-reunion-mensual-de-voluntariados-en-casa-de-dia-y-casa-hogar\/","title":{"rendered":"Realiza Gobierno de Sonora reuni\u00f3n mensual de voluntariados en Casa de D\u00eda y Casa Hogar"},"content":{"rendered":"<p>Hermosillo, Sonora; 29 de abril de 2026.\u2013 En un ambiente de compromiso, solidaridad y trabajo en equipo, el Gobierno de Sonora, a trav\u00e9s del Sistema para el Desarrollo Integral de la Familia (DIF Sonora), llev\u00f3 a cabo la reuni\u00f3n mensual de voluntariados en las instalaciones de la Casa de D\u00eda para Personas Mayores y la Casa Hogar \u201cAna Mar\u00eda L\u00f3pez Rodr\u00edguez\u201d.<\/p>\n<p>Durante esta jornada especial, se cont\u00f3 con la presencia de la presidenta honoraria, Ma. del Roc\u00edo Ch\u00e1vez Murillo, as\u00ed como de la directora, Lizeth V\u00e1squez, quienes acompa\u00f1aron y reconocieron la labor de quienes, con vocaci\u00f3n de servicio, contribuyen al bienestar de las familias sonorenses.<\/p>\n<p>Como parte de la visita, la presidenta honoraria realiz\u00f3 un recorrido por las instalaciones de la Casa de D\u00eda, donde convivi\u00f3 con las personas mayores y supervis\u00f3 los talleres y actividades que se desarrollan, constatando de primera mano el impacto positivo de estos espacios en su bienestar y calidad de vida.<\/p>\n<p>Estas acciones forman parte de la visi\u00f3n del gobernador Alfonso Durazo de brindar una atenci\u00f3n integral, digna y humana a las personas mayores, fortaleciendo espacios que promuevan su desarrollo, bienestar f\u00edsico, emocional y social.<\/p>\n<p>Este encuentro reafirma la importancia del voluntariado como un pilar fundamental para fortalecer el tejido social, impulsar acciones solidarias y generar espacios de atenci\u00f3n digna para quienes m\u00e1s lo necesitan.<\/p>\n<p>El Gobierno del Estado de Sonora reconoce y agradece a todas y todos los voluntarios por su entrega, dedicaci\u00f3n y por seguir construyendo comunidad con generosidad y coraz\u00f3n.<\/p>\n","protected":false},"excerpt":{"rendered":"<p>Hermosillo, Sonora; 29 de abril de 2026.\u2013 En un ambiente de compromiso, solidaridad y trabajo en equipo, el Gobierno de Sonora, a trav\u00e9s del Sistema para el Desarrollo Integral de la Familia (DIF Sonora), llev\u00f3 a cabo la reuni\u00f3n mensual de voluntariados en las instalaciones de la Casa de D\u00eda para Personas Mayores y la [&hellip;]<\/p>\n","protected":false},"author":2,"featured_media":254333,"comment_status":"closed","ping_status":"closed","sticky":false,"template":"","format":"standard","meta":{"footnotes":""},"categories":[12870,178],"tags":[12865,12869],"class_list":["post-254331","post","type-post","status-publish","format-standard","has-post-thumbnail","hentry","category-destacadas","category-local","tag-destacadas","tag-local"],"jetpack_featured_media_url":"https:\/\/rnoticias.com.mx\/Portal\/wp-content\/uploads\/2026\/04\/unnamed-91.jpg","amp_enabled":true,"_links":{"self":[{"href":"https:\/\/rnoticias.com.mx\/Portal\/wp-json\/wp\/v2\/posts\/254331","targetHints":{"allow":["GET"]}}],"collection":[{"href":"https:\/\/rnoticias.com.mx\/Portal\/wp-json\/wp\/v2\/posts"}],"about":[{"href":"https:\/\/rnoticias.com.mx\/Portal\/wp-json\/wp\/v2\/types\/post"}],"author":[{"embeddable":true,"href":"https:\/\/rnoticias.com.mx\/Portal\/wp-json\/wp\/v2\/users\/2"}],"replies":[{"embeddable":true,"href":"https:\/\/rnoticias.com.mx\/Portal\/wp-json\/wp\/v2\/comments?post=254331"}],"version-history":[{"count":1,"href":"https:\/\/rnoticias.com.mx\/Portal\/wp-json\/wp\/v2\/posts\/254331\/revisions"}],"predecessor-version":[{"id":254334,"href":"https:\/\/rnoticias.com.mx\/Portal\/wp-json\/wp\/v2\/posts\/254331\/revisions\/254334"}],"wp:featuredmedia":[{"embeddable":true,"href":"https:\/\/rnoticias.com.mx\/Portal\/wp-json\/wp\/v2\/media\/254333"}],"wp:attachment":[{"href":"https:\/\/rnoticias.com.mx\/Portal\/wp-json\/wp\/v2\/media?parent=254331"}],"wp:term":[{"taxonomy":"category","embeddable":true,"href":"https:\/\/rnoticias.com.mx\/Portal\/wp-json\/wp\/v2\/categories?post=254331"},{"taxonomy":"post_tag","embeddable":true,"href":"https:\/\/rnoticias.com.mx\/Portal\/wp-json\/wp\/v2\/tags?post=254331"}],"curies":[{"name":"wp","href":"https:\/\/api.w.org\/{rel}","templated":true}]}}