{"id":254328,"date":"2026-04-29T13:12:25","date_gmt":"2026-04-29T20:12:25","guid":{"rendered":"https:\/\/rnoticias.com.mx\/Portal\/?p=254328"},"modified":"2026-04-29T13:12:25","modified_gmt":"2026-04-29T20:12:25","slug":"eu-acusa-a-gobernador-rocha-moya-de-narcotrafico-lo-senalan-de-proteger-a-los-chapitos","status":"publish","type":"post","link":"https:\/\/rnoticias.com.mx\/Portal\/2026\/04\/29\/eu-acusa-a-gobernador-rocha-moya-de-narcotrafico-lo-senalan-de-proteger-a-los-chapitos\/","title":{"rendered":"EU acusa a gobernador Rocha Moya de narcotr\u00e1fico; lo se\u00f1alan de proteger a &#8220;Los Chapitos&#8221;"},"content":{"rendered":"<p><i>Ciudad de M\u00e9xico.\u00a0<\/i>El \u2060Departamento de \u2060Justicia (DOJ, \u2060por sus siglas en ingl\u00e9s) de Estados Unidos present\u00f3 cargos este mi\u00e9rcoles contra el gobernador \u2060del estado \u200bmexicano Sinaloa, Rub\u00e9n \u2060Rocha, y otros funcionarios y ex funcionarios, \u200cpor su \u200cpresunta vinculaci\u00f3n con el\u00a0<i>C\u00e1rtel de Sinaloa<\/i>.<\/p>\n<p class=\"nota-justify\">El \u200bDOJ afirm\u00f3 que \u200bRocha \u200by los dem\u00e1s \u200cse\u00f1alados presuntamente conspiraron con l\u00edderes de la organizaci\u00f3n criminal para importar grandes cantidades de narc\u00f3ticos a Estados Unidos a cambio de \u200capoyo pol\u00edtico y sobornos.<\/p>\n<p class=\"nota-justify\">\u201cLos acusados \u200b\u200bson todos funcionarios de alto rango, actuales o anteriores, del gobierno y las fuerzas del orden del estado mexicano de Sinaloa, incluido el actual gobernador de Sinaloa, Rub\u00e9n Rocha Moya, y se les acusa de haberse asociado con el C\u00e1rtel de Sinaloa para distribuir grandes cantidades de narc\u00f3ticos a Estados Unidos\u201d, se\u00f1ala el comunicado.<\/p>\n<p>Seg\u00fan la acusaci\u00f3n, los Chapitos \u2014hijos de Joaqu\u00edn &#8220;El Chapo&#8221; Guzm\u00e1n\u2014 contribuyeron a la elecci\u00f3n de Rocha Moya mediante el secuestro e intimidaci\u00f3n de sus rivales pol\u00edticos. Una vez en el cargo, el 1 de noviembre de 2021, Rocha Moya habr\u00eda asistido a reuniones con ellos y prometido protecci\u00f3n para sus operaciones de narcotr\u00e1fico hacia EU.<\/p>\n<p>El anuncio fue realizado por el Fiscal Federal del Distrito Sur de Nueva York, Jay Clayton, y el Administrador de la DEA, Terrance C. Cole. El caso fue asignado a la jueza federal Katherine Polk Failla.<\/p>\n<p><strong>Los otros nueve acusados<\/strong><\/p>\n<p>Junto a Rocha Moya fueron imputados el alcalde de Culiac\u00e1n, Juan de Dios G\u00e1mez Mend\u00edvil, de 41 a\u00f1os; el senador y ex Secretario General de Sinaloa, Enrique Inzunza Caz\u00e1rez, de 53; y el ex Secretario de Administraci\u00f3n y Finanzas, Enrique D\u00edaz Vega, de 50.<\/p>\n<p>D\u00e1maso Castro Za\u00e1vedra, actual Subprocurador de la Fiscal\u00eda Estatal de Sinaloa, recib\u00eda presuntamente alrededor de 11 mil d\u00f3lares mensuales del c\u00e1rtel a cambio de proteger a sus miembros de arrestos y filtrar informaci\u00f3n sobre operativos respaldados por EU.<\/p>\n<p>Juan Valenzuela Mill\u00e1n, alias\u00a0<i>Juanito<\/i>, excomandante de la Polic\u00eda Municipal de Culiac\u00e1n, enfrenta cargos adicionales por el secuestro y muerte de una fuente confidencial de la DEA y un familiar de esta, ocurridos en octubre de 2023. Seg\u00fan la acusaci\u00f3n, ambas v\u00edctimas fueron torturadas y asesinadas por ser sospechosas de colaborar con esta investigaci\u00f3n. Mill\u00e1n es el \u00fanico acusado con pena m\u00ednima obligatoria de cadena perpetua.<\/p>\n<p>Completan la lista Marco Antonio Almanza Avil\u00e9s y Alberto Jorge Contreras N\u00fa\u00f1ez\u00a0<i>Cholo<\/i>, ambos ex jefes de la Polic\u00eda Investigadora de la Fiscal\u00eda estatal; Gerardo M\u00e9rida S\u00e1nchez, ex Secretario de Seguridad P\u00fablica; y Jos\u00e9 Antonio Dionisio Hip\u00f3lito\u00a0<i>Tornado<\/i>, ex Subdirector de la Polic\u00eda Estatal de Sinaloa.<\/p>\n<p>Todos los acusados, salvo Mill\u00e1n, enfrentan penas de entre 40 a\u00f1os y cadena perpetua. Se cree que los diez residen actualmente en M\u00e9xico.<\/p>\n<p>Esta acusaci\u00f3n se suma a una serie presentada desde 2023 en el mismo distrito, que suman en total m\u00e1s de 30 imputados vinculados al C\u00e1rtel de Sinaloa.<\/p>\n<p>&nbsp;<\/p>\n<p>Fuente: La Jormada<\/p>\n","protected":false},"excerpt":{"rendered":"<p>Ciudad de M\u00e9xico.\u00a0El \u2060Departamento de \u2060Justicia (DOJ, \u2060por sus siglas en ingl\u00e9s) de Estados Unidos present\u00f3 cargos este mi\u00e9rcoles contra el gobernador \u2060del estado \u200bmexicano Sinaloa, Rub\u00e9n \u2060Rocha, y otros funcionarios y ex funcionarios, \u200cpor su \u200cpresunta vinculaci\u00f3n con el\u00a0C\u00e1rtel de Sinaloa. El \u200bDOJ afirm\u00f3 que \u200bRocha \u200by los dem\u00e1s \u200cse\u00f1alados presuntamente conspiraron con l\u00edderes [&hellip;]<\/p>\n","protected":false},"author":2,"featured_media":254329,"comment_status":"closed","ping_status":"closed","sticky":false,"template":"","format":"standard","meta":{"footnotes":""},"categories":[12870,12868],"tags":[12865,12879],"class_list":["post-254328","post","type-post","status-publish","format-standard","has-post-thumbnail","hentry","category-destacadas","category-politica","tag-destacadas","tag-politica"],"jetpack_featured_media_url":"https:\/\/rnoticias.com.mx\/Portal\/wp-content\/uploads\/2026\/04\/ruben-rocha-moya-dea.webp","amp_enabled":true,"_links":{"self":[{"href":"https:\/\/rnoticias.com.mx\/Portal\/wp-json\/wp\/v2\/posts\/254328","targetHints":{"allow":["GET"]}}],"collection":[{"href":"https:\/\/rnoticias.com.mx\/Portal\/wp-json\/wp\/v2\/posts"}],"about":[{"href":"https:\/\/rnoticias.com.mx\/Portal\/wp-json\/wp\/v2\/types\/post"}],"author":[{"embeddable":true,"href":"https:\/\/rnoticias.com.mx\/Portal\/wp-json\/wp\/v2\/users\/2"}],"replies":[{"embeddable":true,"href":"https:\/\/rnoticias.com.mx\/Portal\/wp-json\/wp\/v2\/comments?post=254328"}],"version-history":[{"count":1,"href":"https:\/\/rnoticias.com.mx\/Portal\/wp-json\/wp\/v2\/posts\/254328\/revisions"}],"predecessor-version":[{"id":254330,"href":"https:\/\/rnoticias.com.mx\/Portal\/wp-json\/wp\/v2\/posts\/254328\/revisions\/254330"}],"wp:featuredmedia":[{"embeddable":true,"href":"https:\/\/rnoticias.com.mx\/Portal\/wp-json\/wp\/v2\/media\/254329"}],"wp:attachment":[{"href":"https:\/\/rnoticias.com.mx\/Portal\/wp-json\/wp\/v2\/media?parent=254328"}],"wp:term":[{"taxonomy":"category","embeddable":true,"href":"https:\/\/rnoticias.com.mx\/Portal\/wp-json\/wp\/v2\/categories?post=254328"},{"taxonomy":"post_tag","embeddable":true,"href":"https:\/\/rnoticias.com.mx\/Portal\/wp-json\/wp\/v2\/tags?post=254328"}],"curies":[{"name":"wp","href":"https:\/\/api.w.org\/{rel}","templated":true}]}}