{"id":254322,"date":"2026-04-29T12:05:25","date_gmt":"2026-04-29T19:05:25","guid":{"rendered":"https:\/\/rnoticias.com.mx\/Portal\/?p=254322"},"modified":"2026-04-29T12:05:25","modified_gmt":"2026-04-29T19:05:25","slug":"sep-y-unam-impulsan-debate-sobre-el-uso-etico-de-la-ia-generativa-en-la-educacion-superior","status":"publish","type":"post","link":"https:\/\/rnoticias.com.mx\/Portal\/2026\/04\/29\/sep-y-unam-impulsan-debate-sobre-el-uso-etico-de-la-ia-generativa-en-la-educacion-superior\/","title":{"rendered":"SEP y UNAM impulsan debate sobre el uso \u00e9tico de la IA generativa en la educaci\u00f3n superior"},"content":{"rendered":"<p><strong>La Secretar\u00eda de Educaci\u00f3n P\u00fablica (SEP) y la Universidad Nacional Aut\u00f3noma de M\u00e9xico (UNAM) iniciaron un amplio debate sobre la incorporaci\u00f3n de la Inteligencia Artificial Generativa (IAG) en la educaci\u00f3n superior.<\/strong>\u00a0En la mesa de di\u00e1logo \u201c\u00bfUso de IA en educaci\u00f3n superior?\u201d convocada por Milenio, el secretario de Educaci\u00f3n P\u00fablica, Mario Delgado, y Melchor S\u00e1nchez, coordinador de Evaluaci\u00f3n, Innovaci\u00f3n y Desarrollo Educativos (CEIDE) de la UNAM, coincidieron en que la IAG ya es una herramienta cotidiana para estudiantes y docentes en M\u00e9xico y Am\u00e9rica Latina.<\/p>\n<p>Delgado aclar\u00f3 que el objetivo de la SEP no es imponer restricciones, sino construir acuerdos entre familias, docentes y autoridades. Cit\u00f3 como precedente la regulaci\u00f3n del uso de tel\u00e9fonos celulares en escuelas de Quer\u00e9taro, aceptada ampliamente, y subray\u00f3 la responsabilidad del Estado de garantizar un desarrollo integral de los estudiantes en el contexto de la IAG.<\/p>\n<div class=\"row\">\n<div class=\"col-sm-12\"><\/div>\n<\/div>\n<p>Seg\u00fan la Encuesta Nacional sobre el uso de IAG en educaci\u00f3n superior, ocho de cada diez estudiantes utilizan estas herramientas para generar textos, y una parte las emplea como asistente emocional. Ante este panorama, la SEP present\u00f3 diez principios de acci\u00f3n dirigidos a instituciones de educaci\u00f3n superior, orientados a promover un uso \u00e9tico, pedag\u00f3gico y centrado en el bienestar estudiantil.<\/p>\n<p>Melchor S\u00e1nchez resalt\u00f3 la rapidez de adopci\u00f3n de la IA, citando la Encuesta sobre la IA en la Educaci\u00f3n Superior en Am\u00e9rica Latina 2026 del Consejo de Educaci\u00f3n Digital (DEC), que indica que el 92\u202f% de los estudiantes la usan de forma regular y el 67\u202f% al menos semanalmente. Se\u00f1al\u00f3 que el principal uso es la b\u00fasqueda de informaci\u00f3n, lo que evidencia una brecha entre uso y comprensi\u00f3n, ya que la mayor\u00eda de los modelos de lenguaje no son motores de b\u00fasqueda.<\/p>\n<p>Ambos participantes coincidieron en que la IA obliga a replantear los m\u00e9todos de evaluaci\u00f3n, los planes de estudio y la formaci\u00f3n docente. Advirtieron sobre riesgos como la dependencia tecnol\u00f3gica, la ampliaci\u00f3n de brechas educativas y la \u201cdescarga cognitiva\u201d, que consiste en delegar procesos de pensamiento a las m\u00e1quinas sin desarrollar aprendizajes reales.<\/p>\n<p>El debate tambi\u00e9n abord\u00f3 el uso temprano de pantallas, redes sociales e internet entre ni\u00f1os y adolescentes. Delgado propuso abrir una discusi\u00f3n nacional con familias, docentes, estudiantes e instituciones para analizar posibles regulaciones en educaci\u00f3n b\u00e1sica.<\/p>\n<p>En conclusi\u00f3n, SEP y UNAM coincidieron en que la respuesta educativa debe fortalecer el pensamiento cr\u00edtico, la formaci\u00f3n humanista y los valores. La IA debe ser entendida como una herramienta al servicio de las personas, no como sustituto de la creatividad, la toma de decisiones y la responsabilidad social.<\/p>\n","protected":false},"excerpt":{"rendered":"<p>La Secretar\u00eda de Educaci\u00f3n P\u00fablica (SEP) y la Universidad Nacional Aut\u00f3noma de M\u00e9xico (UNAM) iniciaron un amplio debate sobre la incorporaci\u00f3n de la Inteligencia Artificial Generativa (IAG) en la educaci\u00f3n superior.\u00a0En la mesa de di\u00e1logo \u201c\u00bfUso de IA en educaci\u00f3n superior?\u201d convocada por Milenio, el secretario de Educaci\u00f3n P\u00fablica, Mario Delgado, y Melchor S\u00e1nchez, coordinador [&hellip;]<\/p>\n","protected":false},"author":2,"featured_media":254323,"comment_status":"closed","ping_status":"closed","sticky":false,"template":"","format":"standard","meta":{"footnotes":""},"categories":[172],"tags":[12874],"class_list":["post-254322","post","type-post","status-publish","format-standard","has-post-thumbnail","hentry","category-nacional","tag-nacional"],"jetpack_featured_media_url":"https:\/\/rnoticias.com.mx\/Portal\/wp-content\/uploads\/2026\/04\/DALL\u00b7E-2024-11-18-20.35.41-A-futuristic-depiction-of-artificial-intelligence-at-the-Universidad-Nacional-Autonoma-de-Mexico-UNAM-prom.webp","amp_enabled":true,"_links":{"self":[{"href":"https:\/\/rnoticias.com.mx\/Portal\/wp-json\/wp\/v2\/posts\/254322","targetHints":{"allow":["GET"]}}],"collection":[{"href":"https:\/\/rnoticias.com.mx\/Portal\/wp-json\/wp\/v2\/posts"}],"about":[{"href":"https:\/\/rnoticias.com.mx\/Portal\/wp-json\/wp\/v2\/types\/post"}],"author":[{"embeddable":true,"href":"https:\/\/rnoticias.com.mx\/Portal\/wp-json\/wp\/v2\/users\/2"}],"replies":[{"embeddable":true,"href":"https:\/\/rnoticias.com.mx\/Portal\/wp-json\/wp\/v2\/comments?post=254322"}],"version-history":[{"count":1,"href":"https:\/\/rnoticias.com.mx\/Portal\/wp-json\/wp\/v2\/posts\/254322\/revisions"}],"predecessor-version":[{"id":254324,"href":"https:\/\/rnoticias.com.mx\/Portal\/wp-json\/wp\/v2\/posts\/254322\/revisions\/254324"}],"wp:featuredmedia":[{"embeddable":true,"href":"https:\/\/rnoticias.com.mx\/Portal\/wp-json\/wp\/v2\/media\/254323"}],"wp:attachment":[{"href":"https:\/\/rnoticias.com.mx\/Portal\/wp-json\/wp\/v2\/media?parent=254322"}],"wp:term":[{"taxonomy":"category","embeddable":true,"href":"https:\/\/rnoticias.com.mx\/Portal\/wp-json\/wp\/v2\/categories?post=254322"},{"taxonomy":"post_tag","embeddable":true,"href":"https:\/\/rnoticias.com.mx\/Portal\/wp-json\/wp\/v2\/tags?post=254322"}],"curies":[{"name":"wp","href":"https:\/\/api.w.org\/{rel}","templated":true}]}}