{"id":254312,"date":"2026-04-29T10:10:02","date_gmt":"2026-04-29T17:10:02","guid":{"rendered":"https:\/\/rnoticias.com.mx\/Portal\/?p=254312"},"modified":"2026-04-29T10:10:02","modified_gmt":"2026-04-29T17:10:02","slug":"pedro-sola-critica-a-laura-zapata-por-su-paso-por-la-casa-de-los-famosos","status":"publish","type":"post","link":"https:\/\/rnoticias.com.mx\/Portal\/2026\/04\/29\/pedro-sola-critica-a-laura-zapata-por-su-paso-por-la-casa-de-los-famosos\/","title":{"rendered":"Pedro Sola critica a Laura Zapata por su paso por La Casa de los Famosos"},"content":{"rendered":"<p><strong>Pedro Sola lanz\u00f3 una fuerte cr\u00edtica a Laura Zapata<\/strong>\u00a0a trav\u00e9s de su cuenta de X, cuestionando la decisi\u00f3n de la actriz de participar en\u00a0<em>La Casa de los Famosos<\/em>\u00a0de Telemundo. &#8220;\u00bfPara qu\u00e9 te dejaste contratar, amiga? Yo ni muerto de hambre entrar\u00eda a esa asquerosidad&#8221;, escribi\u00f3 el conductor de\u00a0<em>Ventaneando<\/em>\u00a0el 28 de abril de 2026.<\/p>\n<p>Laura Zapata, expulsada del programa hace dos semanas, respondi\u00f3 de inmediato: &#8220;Es una gran experiencia. Mi espacio, mis reglas, mi juego. Y el que no lo entienda\u2026 que opine desde fuera, que ah\u00ed es donde le toca&#8221;. La actriz defendi\u00f3 su postura, subrayando que la percepci\u00f3n negativa proviene de quienes no forman parte del proyecto.<\/p>\n<p>El intercambio se produce cuando\u00a0<em>La Casa de los Famosos<\/em>\u00a0se acerca a su recta final y la producci\u00f3n anunci\u00f3 la incorporaci\u00f3n de Lorena Herrera, Ver\u00f3nica del Castillo y Sandra Itzel como nuevos participantes. Para algunos seguidores, la llegada de Herrera representa la sustituci\u00f3n de Zapata, quien lider\u00f3 el equipo &#8220;Guerreros de la Luz&#8221; durante su estancia.<\/p>\n<p>Durante su paso por el reality, Zapata protagoniz\u00f3 varios enfrentamientos, entre ellos con Oriana Marzoli, a quien acus\u00f3 de tomar sus bromas como ofensas personales, y con Kunno, a quien llam\u00f3 &#8220;traidor&#8221;. Su estilo frontal y pol\u00e9mico, caracter\u00edstico de sus papeles de villana en telenovelas, gener\u00f3 gran atenci\u00f3n en redes sociales y dividi\u00f3 la opini\u00f3n del p\u00fablico.<\/p>\n<p>Laura Zapata fue eliminada el 13 de abril de 2026, sorprendente para la audiencia pese a su trayectoria art\u00edstica. Al salir, manifest\u00f3 su inconformidad, se\u00f1alando que su rival directo, Eduardo Antonio &#8220;El divo de Placetas&#8221;, debi\u00f3 ser expulsado por considerarlo falso y grosero. La actriz sigue activa en X, apoyando a su equipo y manteniendo contacto con sus seguidores.<\/p>\n","protected":false},"excerpt":{"rendered":"<p>Pedro Sola lanz\u00f3 una fuerte cr\u00edtica a Laura Zapata\u00a0a trav\u00e9s de su cuenta de X, cuestionando la decisi\u00f3n de la actriz de participar en\u00a0La Casa de los Famosos\u00a0de Telemundo. &#8220;\u00bfPara qu\u00e9 te dejaste contratar, amiga? Yo ni muerto de hambre entrar\u00eda a esa asquerosidad&#8221;, escribi\u00f3 el conductor de\u00a0Ventaneando\u00a0el 28 de abril de 2026. Laura Zapata, [&hellip;]<\/p>\n","protected":false},"author":2,"featured_media":254313,"comment_status":"closed","ping_status":"closed","sticky":false,"template":"","format":"standard","meta":{"footnotes":""},"categories":[219],"tags":[12875],"class_list":["post-254312","post","type-post","status-publish","format-standard","has-post-thumbnail","hentry","category-espectaculos","tag-espectaculos"],"jetpack_featured_media_url":"https:\/\/rnoticias.com.mx\/Portal\/wp-content\/uploads\/2026\/04\/descarga-12.png","amp_enabled":true,"_links":{"self":[{"href":"https:\/\/rnoticias.com.mx\/Portal\/wp-json\/wp\/v2\/posts\/254312","targetHints":{"allow":["GET"]}}],"collection":[{"href":"https:\/\/rnoticias.com.mx\/Portal\/wp-json\/wp\/v2\/posts"}],"about":[{"href":"https:\/\/rnoticias.com.mx\/Portal\/wp-json\/wp\/v2\/types\/post"}],"author":[{"embeddable":true,"href":"https:\/\/rnoticias.com.mx\/Portal\/wp-json\/wp\/v2\/users\/2"}],"replies":[{"embeddable":true,"href":"https:\/\/rnoticias.com.mx\/Portal\/wp-json\/wp\/v2\/comments?post=254312"}],"version-history":[{"count":1,"href":"https:\/\/rnoticias.com.mx\/Portal\/wp-json\/wp\/v2\/posts\/254312\/revisions"}],"predecessor-version":[{"id":254314,"href":"https:\/\/rnoticias.com.mx\/Portal\/wp-json\/wp\/v2\/posts\/254312\/revisions\/254314"}],"wp:featuredmedia":[{"embeddable":true,"href":"https:\/\/rnoticias.com.mx\/Portal\/wp-json\/wp\/v2\/media\/254313"}],"wp:attachment":[{"href":"https:\/\/rnoticias.com.mx\/Portal\/wp-json\/wp\/v2\/media?parent=254312"}],"wp:term":[{"taxonomy":"category","embeddable":true,"href":"https:\/\/rnoticias.com.mx\/Portal\/wp-json\/wp\/v2\/categories?post=254312"},{"taxonomy":"post_tag","embeddable":true,"href":"https:\/\/rnoticias.com.mx\/Portal\/wp-json\/wp\/v2\/tags?post=254312"}],"curies":[{"name":"wp","href":"https:\/\/api.w.org\/{rel}","templated":true}]}}