{"id":254309,"date":"2026-04-29T10:04:39","date_gmt":"2026-04-29T17:04:39","guid":{"rendered":"https:\/\/rnoticias.com.mx\/Portal\/?p=254309"},"modified":"2026-04-29T10:04:39","modified_gmt":"2026-04-29T17:04:39","slug":"juez-federal-ordena-reapertura-de-investigacion-contra-la-luz-del-mundo-por-delincuencia-organizada","status":"publish","type":"post","link":"https:\/\/rnoticias.com.mx\/Portal\/2026\/04\/29\/juez-federal-ordena-reapertura-de-investigacion-contra-la-luz-del-mundo-por-delincuencia-organizada\/","title":{"rendered":"Juez federal ordena reapertura de investigaci\u00f3n contra La Luz del Mundo por delincuencia organizada"},"content":{"rendered":"<p>El Juez de Control Juan Jos\u00e9 Rodr\u00edguez Velarde, del Centro de Justicia Penal Federal en Puente Grande, Jalisco, orden\u00f3 este lunes la reapertura de la investigaci\u00f3n contra varios dirigentes de la iglesia La Luz del Mundo por el delito de delincuencia organizada. La decisi\u00f3n se sustenta en la falta de colaboraci\u00f3n entre la Fiscal\u00eda General de la Rep\u00fablica (FGR) y las autoridades de Estados Unidos, lo que impidi\u00f3 sustentar adecuadamente el caso en M\u00e9xico.<\/p>\n<p>La medida revoca el \u201cno ejercicio de la acci\u00f3n penal\u201d que la FGR hab\u00eda dictado en diciembre de 2025, tras un \u2018carpetazo\u2019 a la causa que involucraba denuncias de tr\u00e1fico de menores, producci\u00f3n de pornograf\u00eda infantil, abuso sexual y lavado de dinero. Las v\u00edctimas, representadas por S\u00f3chil Mart\u00edn y Sharim Guzm\u00e1n, impugnaron el cierre y solicitaron que se restableciera la persecuci\u00f3n penal.<\/p>\n<p>Seg\u00fan los representantes de los sobrevivientes, la FGR se neg\u00f3 a proporcionar al consulado estadounidense la informaci\u00f3n requerida y no activ\u00f3 los mecanismos de cooperaci\u00f3n internacional que permitieron a EE.\u202fUU. condenar a Naas\u00f3n Joaqu\u00edn Garc\u00eda, l\u00edder de la iglesia, a 17 a\u00f1os de prisi\u00f3n. Asimismo, se se\u00f1al\u00f3 que el Servicio de Inmigraci\u00f3n y Control de Aduanas (ICE) tambi\u00e9n omiti\u00f3 entregar datos a M\u00e9xico en varias oportunidades.<\/p>\n<p>El juez destac\u00f3 que la falta de intercambio de pruebas entre ambos pa\u00edses vulnera el principio de justicia y favorece la impunidad de una supuesta organizaci\u00f3n delictiva que, seg\u00fan la denuncia, operaba bajo la fachada religiosa para explotar sexualmente a menores y lavar recursos il\u00edcitos.<\/p>\n<p>Con la reapertura, las v\u00edctimas y sus abogados buscar\u00e1n una investigaci\u00f3n exhaustiva contra todos los integrantes de la supuesta red criminal y exigir\u00e1n una cooperaci\u00f3n binacional efectiva. La secretaria de Gobernaci\u00f3n, Rosa Icela Rodr\u00edguez, confirm\u00f3 que el registro oficial de La Luz del Mundo sigue vigente en M\u00e9xico, aunque la licencia del l\u00edder Naas\u00f3n Joaqu\u00edn Garc\u00eda permanece suspendida.<\/p>\n","protected":false},"excerpt":{"rendered":"<p>El Juez de Control Juan Jos\u00e9 Rodr\u00edguez Velarde, del Centro de Justicia Penal Federal en Puente Grande, Jalisco, orden\u00f3 este lunes la reapertura de la investigaci\u00f3n contra varios dirigentes de la iglesia La Luz del Mundo por el delito de delincuencia organizada. La decisi\u00f3n se sustenta en la falta de colaboraci\u00f3n entre la Fiscal\u00eda General [&hellip;]<\/p>\n","protected":false},"author":2,"featured_media":254310,"comment_status":"closed","ping_status":"closed","sticky":false,"template":"","format":"standard","meta":{"footnotes":""},"categories":[12870,172],"tags":[12865,12874],"class_list":["post-254309","post","type-post","status-publish","format-standard","has-post-thumbnail","hentry","category-destacadas","category-nacional","tag-destacadas","tag-nacional"],"jetpack_featured_media_url":"https:\/\/rnoticias.com.mx\/Portal\/wp-content\/uploads\/2026\/04\/la-luz-del-mundo-caso-delincuencia-organizada.jpg","amp_enabled":true,"_links":{"self":[{"href":"https:\/\/rnoticias.com.mx\/Portal\/wp-json\/wp\/v2\/posts\/254309","targetHints":{"allow":["GET"]}}],"collection":[{"href":"https:\/\/rnoticias.com.mx\/Portal\/wp-json\/wp\/v2\/posts"}],"about":[{"href":"https:\/\/rnoticias.com.mx\/Portal\/wp-json\/wp\/v2\/types\/post"}],"author":[{"embeddable":true,"href":"https:\/\/rnoticias.com.mx\/Portal\/wp-json\/wp\/v2\/users\/2"}],"replies":[{"embeddable":true,"href":"https:\/\/rnoticias.com.mx\/Portal\/wp-json\/wp\/v2\/comments?post=254309"}],"version-history":[{"count":1,"href":"https:\/\/rnoticias.com.mx\/Portal\/wp-json\/wp\/v2\/posts\/254309\/revisions"}],"predecessor-version":[{"id":254311,"href":"https:\/\/rnoticias.com.mx\/Portal\/wp-json\/wp\/v2\/posts\/254309\/revisions\/254311"}],"wp:featuredmedia":[{"embeddable":true,"href":"https:\/\/rnoticias.com.mx\/Portal\/wp-json\/wp\/v2\/media\/254310"}],"wp:attachment":[{"href":"https:\/\/rnoticias.com.mx\/Portal\/wp-json\/wp\/v2\/media?parent=254309"}],"wp:term":[{"taxonomy":"category","embeddable":true,"href":"https:\/\/rnoticias.com.mx\/Portal\/wp-json\/wp\/v2\/categories?post=254309"},{"taxonomy":"post_tag","embeddable":true,"href":"https:\/\/rnoticias.com.mx\/Portal\/wp-json\/wp\/v2\/tags?post=254309"}],"curies":[{"name":"wp","href":"https:\/\/api.w.org\/{rel}","templated":true}]}}