{"id":254306,"date":"2026-04-29T10:02:39","date_gmt":"2026-04-29T17:02:39","guid":{"rendered":"https:\/\/rnoticias.com.mx\/Portal\/?p=254306"},"modified":"2026-04-29T10:02:39","modified_gmt":"2026-04-29T17:02:39","slug":"milei-anuncia-su-intencion-de-buscar-la-reeleccion-en-2027-pese-a-crecientes-escandalos","status":"publish","type":"post","link":"https:\/\/rnoticias.com.mx\/Portal\/2026\/04\/29\/milei-anuncia-su-intencion-de-buscar-la-reeleccion-en-2027-pese-a-crecientes-escandalos\/","title":{"rendered":"Milei anuncia su intenci\u00f3n de buscar la reelecci\u00f3n en 2027 pese a crecientes esc\u00e1ndalos"},"content":{"rendered":"<p>El presidente de la Rep\u00fablica Argentina, el economista liberal Javier Milei, anunci\u00f3 este jueves 23 de abril que su objetivo es postularse nuevamente en los comicios presidenciales de 2027. El dirigente de la coalici\u00f3n de ultraderecha\u00a0<em>La Libertad Avanza<\/em>, que asumi\u00f3 la presidencia en diciembre de 2023, reiter\u00f3 su compromiso con la pol\u00edtica de ajuste fiscal que ha implementado desde su llegada al poder.<\/p>\n<p>En la misma intervenci\u00f3n, Milei minimiz\u00f3 el desempe\u00f1o econ\u00f3mico de febrero, pese a los \u00faltimos datos oficiales que indican una desaceleraci\u00f3n de la actividad. La medida no ha sido suficiente para contrarrestar la creciente percepci\u00f3n negativa de su gesti\u00f3n, seg\u00fan diversas encuestas recientes que registran un aumento en la desaprobaci\u00f3n popular.<\/p>\n<p>El deterioro de la imagen del mandatario se ve agravado por el esc\u00e1ndalo que envuelve a su jefe de Gabinete, Manuel Adorni. La justicia investiga la compra de propiedades y los viajes de lujo realizados por la familia Adorni, lo que ha generado cr\u00edticas tanto dentro como fuera del Congreso. A pesar de ello, Milei mantuvo a Adorni en su cargo y anunci\u00f3 que lo acompa\u00f1ar\u00e1 al Parlamento el mi\u00e9rcoles 29 de abril, cuando el jefe de Gabinete presente el informe de gesti\u00f3n gubernamental ante la C\u00e1mara de Diputados.<\/p>\n<p>Paralelamente, la fiscal federal Alejandra M\u00e1ngano solicit\u00f3 al juez Daniel Rafecas el archivo de la denuncia penal contra Bettina Angeletti, esposa de Adorni, por un viaje a Estados Unidos en marzo que se realiz\u00f3 a bordo de un avi\u00f3n oficial de la comitiva presidencial. La petici\u00f3n se basa en la supuesta inexistencia de delito, aunque la investigaci\u00f3n sigue abierta.<\/p>\n<p>El conjunto de estos factores \u2014la ca\u00edda en la popularidad, las investigaciones judiciales y la pol\u00e9mica sobre el uso de recursos estatales\u2014 plantea un escenario complejo para Milei, quien sin embargo mantiene su intenci\u00f3n de competir por un segundo mandato en 2027.<\/p>\n","protected":false},"excerpt":{"rendered":"<p>El presidente de la Rep\u00fablica Argentina, el economista liberal Javier Milei, anunci\u00f3 este jueves 23 de abril que su objetivo es postularse nuevamente en los comicios presidenciales de 2027. El dirigente de la coalici\u00f3n de ultraderecha\u00a0La Libertad Avanza, que asumi\u00f3 la presidencia en diciembre de 2023, reiter\u00f3 su compromiso con la pol\u00edtica de ajuste fiscal [&hellip;]<\/p>\n","protected":false},"author":2,"featured_media":254307,"comment_status":"closed","ping_status":"closed","sticky":false,"template":"","format":"standard","meta":{"footnotes":""},"categories":[12870,182],"tags":[12865,12871],"class_list":["post-254306","post","type-post","status-publish","format-standard","has-post-thumbnail","hentry","category-destacadas","category-internacional","tag-destacadas","tag-internacional"],"jetpack_featured_media_url":"https:\/\/rnoticias.com.mx\/Portal\/wp-content\/uploads\/2026\/04\/02-1.jpg","amp_enabled":true,"_links":{"self":[{"href":"https:\/\/rnoticias.com.mx\/Portal\/wp-json\/wp\/v2\/posts\/254306","targetHints":{"allow":["GET"]}}],"collection":[{"href":"https:\/\/rnoticias.com.mx\/Portal\/wp-json\/wp\/v2\/posts"}],"about":[{"href":"https:\/\/rnoticias.com.mx\/Portal\/wp-json\/wp\/v2\/types\/post"}],"author":[{"embeddable":true,"href":"https:\/\/rnoticias.com.mx\/Portal\/wp-json\/wp\/v2\/users\/2"}],"replies":[{"embeddable":true,"href":"https:\/\/rnoticias.com.mx\/Portal\/wp-json\/wp\/v2\/comments?post=254306"}],"version-history":[{"count":1,"href":"https:\/\/rnoticias.com.mx\/Portal\/wp-json\/wp\/v2\/posts\/254306\/revisions"}],"predecessor-version":[{"id":254308,"href":"https:\/\/rnoticias.com.mx\/Portal\/wp-json\/wp\/v2\/posts\/254306\/revisions\/254308"}],"wp:featuredmedia":[{"embeddable":true,"href":"https:\/\/rnoticias.com.mx\/Portal\/wp-json\/wp\/v2\/media\/254307"}],"wp:attachment":[{"href":"https:\/\/rnoticias.com.mx\/Portal\/wp-json\/wp\/v2\/media?parent=254306"}],"wp:term":[{"taxonomy":"category","embeddable":true,"href":"https:\/\/rnoticias.com.mx\/Portal\/wp-json\/wp\/v2\/categories?post=254306"},{"taxonomy":"post_tag","embeddable":true,"href":"https:\/\/rnoticias.com.mx\/Portal\/wp-json\/wp\/v2\/tags?post=254306"}],"curies":[{"name":"wp","href":"https:\/\/api.w.org\/{rel}","templated":true}]}}