{"id":254300,"date":"2026-04-29T10:00:13","date_gmt":"2026-04-29T17:00:13","guid":{"rendered":"https:\/\/rnoticias.com.mx\/Portal\/?p=254300"},"modified":"2026-04-29T10:00:13","modified_gmt":"2026-04-29T17:00:13","slug":"trump-exige-a-abc-el-despido-inmediato-de-jimmy-kimmel-por-broma-contra-melania","status":"publish","type":"post","link":"https:\/\/rnoticias.com.mx\/Portal\/2026\/04\/29\/trump-exige-a-abc-el-despido-inmediato-de-jimmy-kimmel-por-broma-contra-melania\/","title":{"rendered":"Trump exige a ABC el despido inmediato de Jimmy Kimmel por broma contra Melania"},"content":{"rendered":"<p>El presidente de Estados Unidos, Donald Trump, exigi\u00f3 que la cadena ABC despida de inmediato al conductor de &#8220;Jimmy Kimmel Live!&#8221;, a quien acus\u00f3 de haber realizado un &#8220;despreciable llamado a la violencia&#8221; contra la primera dama, Melania Trump. La petici\u00f3n se produce despu\u00e9s de que Kimmel, en su programa del jueves pasado, presentara una parodia del discurso de la Casa Blanca que inclu\u00eda referencias a la familia Trump.<\/p>\n<p>Melania Trump, quien rara vez se pronuncia en p\u00fablico, reaccion\u00f3 en la red social X calificando la intervenci\u00f3n del humorista de &#8220;ret\u00f3rica de odio y violencia&#8221; y asegurando que sus palabras &#8220;no son humor&#8221;. La primera dama se\u00f1al\u00f3 que el mon\u00f3logo profundiza la &#8220;enfermedad pol\u00edtica&#8221; del pa\u00eds.<\/p>\n<p>La Casa Blanca vincul\u00f3 el ataque a la cena de corresponsales del 24 de junio, donde un hombre armado intent\u00f3 irrumpir con la intenci\u00f3n de asesinar a Donald Trump y a altos funcionarios. El incidente se dio en el mismo d\u00eda en que Kimmel emiti\u00f3 su segmento.<\/p>\n<p>El pedido de Trump fue respaldado por James Blair, alto funcionario de la Casa Blanca, quien denunci\u00f3 que los comentarios de Kimmel buscaban &#8220;legitimar la violencia pol\u00edtica&#8221;. La demanda de Trump\u00a0se produce en medio de su campa\u00f1a de reelecci\u00f3n, a pocos meses de cumplir 80 a\u00f1os, convirti\u00e9ndose en el presidente de mayor edad en la historia de EE. UU.<\/p>\n<p>ABC, propiedad de Disney, inicialmente retir\u00f3 del aire a Kimmel, pero restableci\u00f3 su programa una semana despu\u00e9s tras cr\u00edticas que calificaron la medida de censura. El caso reaviva el debate sobre los l\u00edmites de la s\u00e1tira pol\u00edtica y la responsabilidad de los medios frente a la polarizaci\u00f3n.<\/p>\n","protected":false},"excerpt":{"rendered":"<p>El presidente de Estados Unidos, Donald Trump, exigi\u00f3 que la cadena ABC despida de inmediato al conductor de &#8220;Jimmy Kimmel Live!&#8221;, a quien acus\u00f3 de haber realizado un &#8220;despreciable llamado a la violencia&#8221; contra la primera dama, Melania Trump. La petici\u00f3n se produce despu\u00e9s de que Kimmel, en su programa del jueves pasado, presentara una [&hellip;]<\/p>\n","protected":false},"author":2,"featured_media":254301,"comment_status":"closed","ping_status":"closed","sticky":false,"template":"","format":"standard","meta":{"footnotes":""},"categories":[12870,182],"tags":[12865,12871],"class_list":["post-254300","post","type-post","status-publish","format-standard","has-post-thumbnail","hentry","category-destacadas","category-internacional","tag-destacadas","tag-internacional"],"jetpack_featured_media_url":"https:\/\/rnoticias.com.mx\/Portal\/wp-content\/uploads\/2026\/04\/trump_3.webp","amp_enabled":true,"_links":{"self":[{"href":"https:\/\/rnoticias.com.mx\/Portal\/wp-json\/wp\/v2\/posts\/254300","targetHints":{"allow":["GET"]}}],"collection":[{"href":"https:\/\/rnoticias.com.mx\/Portal\/wp-json\/wp\/v2\/posts"}],"about":[{"href":"https:\/\/rnoticias.com.mx\/Portal\/wp-json\/wp\/v2\/types\/post"}],"author":[{"embeddable":true,"href":"https:\/\/rnoticias.com.mx\/Portal\/wp-json\/wp\/v2\/users\/2"}],"replies":[{"embeddable":true,"href":"https:\/\/rnoticias.com.mx\/Portal\/wp-json\/wp\/v2\/comments?post=254300"}],"version-history":[{"count":1,"href":"https:\/\/rnoticias.com.mx\/Portal\/wp-json\/wp\/v2\/posts\/254300\/revisions"}],"predecessor-version":[{"id":254302,"href":"https:\/\/rnoticias.com.mx\/Portal\/wp-json\/wp\/v2\/posts\/254300\/revisions\/254302"}],"wp:featuredmedia":[{"embeddable":true,"href":"https:\/\/rnoticias.com.mx\/Portal\/wp-json\/wp\/v2\/media\/254301"}],"wp:attachment":[{"href":"https:\/\/rnoticias.com.mx\/Portal\/wp-json\/wp\/v2\/media?parent=254300"}],"wp:term":[{"taxonomy":"category","embeddable":true,"href":"https:\/\/rnoticias.com.mx\/Portal\/wp-json\/wp\/v2\/categories?post=254300"},{"taxonomy":"post_tag","embeddable":true,"href":"https:\/\/rnoticias.com.mx\/Portal\/wp-json\/wp\/v2\/tags?post=254300"}],"curies":[{"name":"wp","href":"https:\/\/api.w.org\/{rel}","templated":true}]}}