{"id":254297,"date":"2026-04-29T09:58:12","date_gmt":"2026-04-29T16:58:12","guid":{"rendered":"https:\/\/rnoticias.com.mx\/Portal\/?p=254297"},"modified":"2026-04-29T09:58:12","modified_gmt":"2026-04-29T16:58:12","slug":"jimmy-kimmel-defiende-su-broma-sobre-donald-y-melania-trump-como-simple-chiste","status":"publish","type":"post","link":"https:\/\/rnoticias.com.mx\/Portal\/2026\/04\/29\/jimmy-kimmel-defiende-su-broma-sobre-donald-y-melania-trump-como-simple-chiste\/","title":{"rendered":"Jimmy Kimmel defiende su broma sobre Donald y Melania Trump como &#8220;simple chiste&#8221;"},"content":{"rendered":"<p>El comediante y conductor Jimmy Kimmel sostuvo este lunes que su reciente parodia sobre el presidente de Estados Unidos, Donald Trump, y la primera dama, Melania, fue &#8220;una broma muy suave&#8221; y no una incitaci\u00f3n al asesinato, despu\u00e9s de que el mandatario exigiera su despido.<\/p>\n<p>En el programa\u00a0<em>Jimmy Kimmel Show<\/em>, transmitido por ABC, Kimmel explic\u00f3: &#8220;Fue una broma muy suave sobre el hecho de que \u00e9l tiene casi 80 a\u00f1os y ella es m\u00e1s joven que yo. No fue, ni por asomo, una llamada al asesinato. Y ellos lo saben&#8221;.<\/p>\n<p>La pol\u00e9mica surgi\u00f3 a ra\u00edz de una parodia que Kimmel realiz\u00f3 la semana anterior, en la que simul\u00f3 ser el animador de la cena anual de periodistas que cubren la Casa Blanca. En ese segmento, el presentador coment\u00f3: &#8220;Nuestra primera dama, Melania, est\u00e1 aqu\u00ed. Miren a Melania, tan hermosa. Se\u00f1ora Trump, tiene un brillo como el de una viuda expectante&#8221;. La expresi\u00f3n &#8220;expectante&#8221; en ingl\u00e9s puede significar tanto &#8220;esperando algo&#8221; como &#8220;embarazada&#8221;, lo que gener\u00f3 la controversia.<\/p>\n<p>Melania Trump calific\u00f3 la broma como &#8220;ret\u00f3rica de odio y violencia&#8221; que &#8220;pretende dividir&#8221; a Estados Unidos y solicit\u00f3 a la cadena ABC que tomara medidas. Donald Trump, por su parte, describi\u00f3 el chiste como &#8220;un despreciable llamado a la violencia&#8221; y pidi\u00f3 el despido de Kimmel.<\/p>\n<p>Kimmel reiter\u00f3 su rechazo a la ret\u00f3rica de odio y violencia, diciendo: &#8220;Creo que un buen punto de partida ser\u00eda hablar del tema con tu marido&#8221;, comentario que provoc\u00f3 el aplauso del p\u00fablico.<\/p>\n<p>El programa de Kimmel ya hab\u00eda sido suspendido el a\u00f1o pasado por comentarios sobre el activista conservador Charlie Kirk, asesinado en septiembre.<\/p>\n","protected":false},"excerpt":{"rendered":"<p>El comediante y conductor Jimmy Kimmel sostuvo este lunes que su reciente parodia sobre el presidente de Estados Unidos, Donald Trump, y la primera dama, Melania, fue &#8220;una broma muy suave&#8221; y no una incitaci\u00f3n al asesinato, despu\u00e9s de que el mandatario exigiera su despido. En el programa\u00a0Jimmy Kimmel Show, transmitido por ABC, Kimmel explic\u00f3: [&hellip;]<\/p>\n","protected":false},"author":2,"featured_media":254298,"comment_status":"closed","ping_status":"closed","sticky":false,"template":"","format":"standard","meta":{"footnotes":""},"categories":[12870,219],"tags":[12865,12875],"class_list":["post-254297","post","type-post","status-publish","format-standard","has-post-thumbnail","hentry","category-destacadas","category-espectaculos","tag-destacadas","tag-espectaculos"],"jetpack_featured_media_url":"https:\/\/rnoticias.com.mx\/Portal\/wp-content\/uploads\/2026\/04\/melania-trump-jimmy-kimmel-042726-a956c4b094b04aafadc5485dde5f91d7.jpg","amp_enabled":true,"_links":{"self":[{"href":"https:\/\/rnoticias.com.mx\/Portal\/wp-json\/wp\/v2\/posts\/254297","targetHints":{"allow":["GET"]}}],"collection":[{"href":"https:\/\/rnoticias.com.mx\/Portal\/wp-json\/wp\/v2\/posts"}],"about":[{"href":"https:\/\/rnoticias.com.mx\/Portal\/wp-json\/wp\/v2\/types\/post"}],"author":[{"embeddable":true,"href":"https:\/\/rnoticias.com.mx\/Portal\/wp-json\/wp\/v2\/users\/2"}],"replies":[{"embeddable":true,"href":"https:\/\/rnoticias.com.mx\/Portal\/wp-json\/wp\/v2\/comments?post=254297"}],"version-history":[{"count":1,"href":"https:\/\/rnoticias.com.mx\/Portal\/wp-json\/wp\/v2\/posts\/254297\/revisions"}],"predecessor-version":[{"id":254299,"href":"https:\/\/rnoticias.com.mx\/Portal\/wp-json\/wp\/v2\/posts\/254297\/revisions\/254299"}],"wp:featuredmedia":[{"embeddable":true,"href":"https:\/\/rnoticias.com.mx\/Portal\/wp-json\/wp\/v2\/media\/254298"}],"wp:attachment":[{"href":"https:\/\/rnoticias.com.mx\/Portal\/wp-json\/wp\/v2\/media?parent=254297"}],"wp:term":[{"taxonomy":"category","embeddable":true,"href":"https:\/\/rnoticias.com.mx\/Portal\/wp-json\/wp\/v2\/categories?post=254297"},{"taxonomy":"post_tag","embeddable":true,"href":"https:\/\/rnoticias.com.mx\/Portal\/wp-json\/wp\/v2\/tags?post=254297"}],"curies":[{"name":"wp","href":"https:\/\/api.w.org\/{rel}","templated":true}]}}