{"id":254294,"date":"2026-04-29T09:56:09","date_gmt":"2026-04-29T16:56:09","guid":{"rendered":"https:\/\/rnoticias.com.mx\/Portal\/?p=254294"},"modified":"2026-04-29T09:56:09","modified_gmt":"2026-04-29T16:56:09","slug":"julio-cesar-chavez-lamenta-la-peticion-de-yolanda-andrade-de-reabrir-caso-de-desaparicion-forzada","status":"publish","type":"post","link":"https:\/\/rnoticias.com.mx\/Portal\/2026\/04\/29\/julio-cesar-chavez-lamenta-la-peticion-de-yolanda-andrade-de-reabrir-caso-de-desaparicion-forzada\/","title":{"rendered":"Julio C\u00e9sar Ch\u00e1vez lamenta la petici\u00f3n de Yolanda Andrade de reabrir caso de desaparici\u00f3n forzada"},"content":{"rendered":"<p><strong>Julio\u202fC\u00e9sar Ch\u00e1vez<\/strong>\u00a0reaccion\u00f3 este 28 de abril de 2026 a la transmisi\u00f3n en vivo de la presentadora\u00a0<strong>Yolanda Andrade<\/strong>, quien pidi\u00f3 al gobernador de Sinaloa, Rub\u00e9n\u202fRocha\u202fMoya, reabrir el caso de desaparici\u00f3n forzada de tres j\u00f3venes ocurrido en junio de 1996 en el sector Las Quintas de Culiac\u00e1n.<\/p>\n<p>Andrade, quien padece esclerosis lateral amiotr\u00f3fica (ELA) diagnosticada a finales de 2025, dirigi\u00f3 su llamado a la presidenta Claudia\u202fSheinbaum, exigi\u00e9ndole &#8220;ponerse los pantalones&#8221; para frenar la violencia en el estado y cuestion\u00f3 la ausencia de justicia, corrupci\u00f3n e impunidad.<\/p>\n<div class=\"row\">\n<div class=\"col-sm-12\"><\/div>\n<\/div>\n<p>El caso, que se acerca a sus tres d\u00e9cadas, sigue sin resolverse. Los familiares de Abraham Hern\u00e1ndez Picos, Juan\u202fEmerio Hern\u00e1ndez Arg\u00fcelles y Jorge\u202fCabada Hern\u00e1ndez denuncian opacidad y presunto tr\u00e1fico de influencia que habr\u00eda retrasado la investigaci\u00f3n, pese a que el expediente supera las 40 mil hojas.<\/p>\n<p>En el programa, Andrade solicit\u00f3 que el caso no sea archivado y que se instruya al gobernador para reabrir la indagatoria, devolviendo el tema a la agenda p\u00fablica. Sin embargo, personas cercanas a la comunicadora, incluido Ch\u00e1vez, consideraron que sus declaraciones fueron desafortunadas.<\/p>\n<p>Ch\u00e1vez, quien ha sido una constante en la vida de Andrade desde los a\u00f1os noventa, manifest\u00f3: &#8220;Yo respeto las opiniones de cada persona, \u00bfme entiendes? Yolanda es mi hermana, es mi amiga y al ratito voy a hablar con ella&#8221;. A\u00f1adi\u00f3 que le preocupa el estado de \u00e1nimo de la presentadora: &#8220;No ten\u00eda por qu\u00e9 sacar esas declaraciones. A lo mejor en su estado an\u00edmico, c\u00f3mo se encontraba, la sac\u00f3 en un momento cr\u00edtico&#8221;.<\/p>\n<p>La relaci\u00f3n entre Ch\u00e1vez y Andrade se remonta a su lucha contra adicciones en la d\u00e9cada de los 90 y principios del 2000, cuando el exboxeador cre\u00f3 una estructura de apoyo para personas con problemas de dependencia. Desde 2024, el excampe\u00f3n acompa\u00f1a a la comunicadora en su batalla contra la ELA.<\/p>\n<p>El episodio que desencaden\u00f3 la desaparici\u00f3n forzada se remonta a una fiesta en la casa de Rolando Andrade, donde los tres j\u00f3venes fueron detenidos por una patrulla municipal y entregados a la seguridad familiar de los Andrade. Desde entonces, su paradero es desconocido.<\/p>\n<p>Familias y defensores de derechos humanos siguen exigiendo justicia, recordando que la desaparici\u00f3n forzada es delito de lesa humanidad y que la falta de avances se atribuye a nexos pol\u00edticos entre la familia Andrade, el exgobernador Renato\u202fVega y el entonces presidente Ernesto\u202fZedillo.<\/p>\n<p>Con casi treinta a\u00f1os sin respuestas, la petici\u00f3n de Yolanda Andrade a la presidenta Sheinbaum y al gobernador Rocha\u202fMoya mantiene viva la demanda de que la impunidad sea erradicada en Sinaloa.<\/p>\n","protected":false},"excerpt":{"rendered":"<p>Julio\u202fC\u00e9sar Ch\u00e1vez\u00a0reaccion\u00f3 este 28 de abril de 2026 a la transmisi\u00f3n en vivo de la presentadora\u00a0Yolanda Andrade, quien pidi\u00f3 al gobernador de Sinaloa, Rub\u00e9n\u202fRocha\u202fMoya, reabrir el caso de desaparici\u00f3n forzada de tres j\u00f3venes ocurrido en junio de 1996 en el sector Las Quintas de Culiac\u00e1n. Andrade, quien padece esclerosis lateral amiotr\u00f3fica (ELA) diagnosticada a finales [&hellip;]<\/p>\n","protected":false},"author":2,"featured_media":254295,"comment_status":"closed","ping_status":"closed","sticky":false,"template":"","format":"standard","meta":{"footnotes":""},"categories":[188,12870],"tags":[5231,12865],"class_list":["post-254294","post","type-post","status-publish","format-standard","has-post-thumbnail","hentry","category-deportes","category-destacadas","tag-deportes","tag-destacadas"],"jetpack_featured_media_url":"https:\/\/rnoticias.com.mx\/Portal\/wp-content\/uploads\/2026\/04\/Yolanda-Andrade-y-el-demoledor-desmentido-de-Julio-Cesar-Chavez-sobre-su-salud.webp","amp_enabled":true,"_links":{"self":[{"href":"https:\/\/rnoticias.com.mx\/Portal\/wp-json\/wp\/v2\/posts\/254294","targetHints":{"allow":["GET"]}}],"collection":[{"href":"https:\/\/rnoticias.com.mx\/Portal\/wp-json\/wp\/v2\/posts"}],"about":[{"href":"https:\/\/rnoticias.com.mx\/Portal\/wp-json\/wp\/v2\/types\/post"}],"author":[{"embeddable":true,"href":"https:\/\/rnoticias.com.mx\/Portal\/wp-json\/wp\/v2\/users\/2"}],"replies":[{"embeddable":true,"href":"https:\/\/rnoticias.com.mx\/Portal\/wp-json\/wp\/v2\/comments?post=254294"}],"version-history":[{"count":1,"href":"https:\/\/rnoticias.com.mx\/Portal\/wp-json\/wp\/v2\/posts\/254294\/revisions"}],"predecessor-version":[{"id":254296,"href":"https:\/\/rnoticias.com.mx\/Portal\/wp-json\/wp\/v2\/posts\/254294\/revisions\/254296"}],"wp:featuredmedia":[{"embeddable":true,"href":"https:\/\/rnoticias.com.mx\/Portal\/wp-json\/wp\/v2\/media\/254295"}],"wp:attachment":[{"href":"https:\/\/rnoticias.com.mx\/Portal\/wp-json\/wp\/v2\/media?parent=254294"}],"wp:term":[{"taxonomy":"category","embeddable":true,"href":"https:\/\/rnoticias.com.mx\/Portal\/wp-json\/wp\/v2\/categories?post=254294"},{"taxonomy":"post_tag","embeddable":true,"href":"https:\/\/rnoticias.com.mx\/Portal\/wp-json\/wp\/v2\/tags?post=254294"}],"curies":[{"name":"wp","href":"https:\/\/api.w.org\/{rel}","templated":true}]}}