{"id":254290,"date":"2026-04-29T09:49:29","date_gmt":"2026-04-29T16:49:29","guid":{"rendered":"https:\/\/rnoticias.com.mx\/Portal\/?p=254290"},"modified":"2026-04-29T09:49:29","modified_gmt":"2026-04-29T16:49:29","slug":"alimentacion-y-vida-saludable-la-exigencia-de-la-diputacion-infantil-2026","status":"publish","type":"post","link":"https:\/\/rnoticias.com.mx\/Portal\/2026\/04\/29\/alimentacion-y-vida-saludable-la-exigencia-de-la-diputacion-infantil-2026\/","title":{"rendered":"Alimentaci\u00f3n y vida saludable, la exigencia de la Diputaci\u00f3n Infantil 2026"},"content":{"rendered":"<p>Hermosillo, Sonora; 29 de abril de 2026.- En el marco de la sesi\u00f3n de la Legislatura Infantil 2026, ejercicio que el Congreso del Estado de Sonora realiza anualmente en coordinaci\u00f3n con el Instituto Estatal Electoral (IEE Sonora), ni\u00f1as y ni\u00f1os de educaci\u00f3n b\u00e1sica llevaron a cabo la toma de protesta e instalaci\u00f3n formal, donde aprobaron un acuerdo que exhorta a las autoridades educativas, madres y padres de familia, as\u00ed como a la sociedad en general, a implementar acciones que garanticen el derecho de la ni\u00f1ez a una alimentaci\u00f3n saludable.<\/p>\n<p>La diputada Alejandra L\u00f3pez Noriega, presidenta de la Mesa Directiva, dio la bienvenida a las y los asistentes, en compa\u00f1\u00eda del diputado C\u00e9sar Salazar L\u00f3pez (NAS), presidente de la Comisi\u00f3n de Educaci\u00f3n y Cultura; Beatriz Cota Ponce, en representaci\u00f3n de la SEC; Ver\u00f3nica Sandoval Casta\u00f1eda, del INE; Nery Ruiz Arvizu, del IEE; y el magistrado Adriel C\u00f3rdova Pimentel, del Supremo Tribunal de Justicia del Estado.<\/p>\n<p>En su mensaje, Adolfo Salazar Razo, secretario de Gobierno, llam\u00f3 a las ni\u00f1as y los ni\u00f1os a continuar su preparaci\u00f3n para convertirse en futuras y futuros l\u00edderes, as\u00ed como a participar activamente en la toma de decisiones de las pol\u00edticas p\u00fablicas de la entidad.<\/p>\n<p>En esta edici\u00f3n 2026, la Mesa Directiva de la Legislatura Infantil qued\u00f3 integrada por Ilyana Marcela Ortiz Beltr\u00e1n como presidenta; \u00c1ngela Ximena Mota Tapia, como vicepresidenta; Adriel Arturo Villegas Justo, como secretario; Yuliana Reyna Aganza, como secretaria; y Erick Antonio Morales D\u00edaz, como suplente.<\/p>\n<p>Tras el an\u00e1lisis y la discusi\u00f3n, las y los legisladores infantiles aprobaron un acuerdo que exhorta a la Secretar\u00eda de Educaci\u00f3n y Cultura del Estado de Sonora (SEC), as\u00ed como a madres, padres de familia y a la sociedad en general, a implementar acciones que garanticen el derecho de ni\u00f1as y ni\u00f1os a una alimentaci\u00f3n saludable, con \u00e9nfasis en la participaci\u00f3n de las escuelas y el fortalecimiento de h\u00e1bitos alimenticios desde la infancia.<\/p>\n<p>Las diputadas y los diputados infantiles participantes en esta edici\u00f3n fueron Alenny Vanessa Campoy Verdugo, Lucca Giulian Chio Ram\u00edrez, Priscila Aminahi C\u00f3rdova Bufanda, Nicol Alejandra Espinoza Orozco, Ibeth Airamy Flores Molina, Anel Mariana Gil Flores, Jos\u00e9 Luis Hern\u00e1ndez Boj\u00f3rquez, Karen Nohem\u00ed Ju\u00e1rez Mancinas, Wendy Dayana Lio Aguirre, Fernanda Dianery Madue\u00f1o Ruiz, Aranza Medrano Alc\u00e1ntar, G\u00e9nesis Arlet Montenegro Moyer y Alexa Guadalupe Morales Valenzuela.<\/p>\n<p>Asimismo, participaron Abril Mayela Nocamea Gonz\u00e1lez, Manuel Francisco Paz G\u00e1lvez, Estefan\u00eda P\u00e9rez L\u00f3pez, Karim Tadeo Plata Beltr\u00e1n, Mar\u00eda In\u00e9s Pulido V\u00e1squez, Mercedes de Jes\u00fas Quintero Moreno, Romina Berenice Reyes Salas, Laura Larissa Rodr\u00edguez Carrillo, Ang\u00e9lica Romero Ruiz, Marleth Romero Soto, Dylan Romo Ur\u00edas, Leonardo Santiago Francisco, Ximena Tornero Eguino, Diego Adri\u00e1n Verdugo Campas y Paola Rebeca Z\u00fa\u00f1iga Rojas.<\/p>\n","protected":false},"excerpt":{"rendered":"<p>Hermosillo, Sonora; 29 de abril de 2026.- En el marco de la sesi\u00f3n de la Legislatura Infantil 2026, ejercicio que el Congreso del Estado de Sonora realiza anualmente en coordinaci\u00f3n con el Instituto Estatal Electoral (IEE Sonora), ni\u00f1as y ni\u00f1os de educaci\u00f3n b\u00e1sica llevaron a cabo la toma de protesta e instalaci\u00f3n formal, donde aprobaron [&hellip;]<\/p>\n","protected":false},"author":2,"featured_media":254291,"comment_status":"closed","ping_status":"closed","sticky":false,"template":"","format":"standard","meta":{"footnotes":""},"categories":[12870,12868],"tags":[12865,12879],"class_list":["post-254290","post","type-post","status-publish","format-standard","has-post-thumbnail","hentry","category-destacadas","category-politica","tag-destacadas","tag-politica"],"jetpack_featured_media_url":"https:\/\/rnoticias.com.mx\/Portal\/wp-content\/uploads\/2026\/04\/WhatsApp-Image-2026-04-28-at-5.57.18-PM.jpeg","amp_enabled":true,"_links":{"self":[{"href":"https:\/\/rnoticias.com.mx\/Portal\/wp-json\/wp\/v2\/posts\/254290","targetHints":{"allow":["GET"]}}],"collection":[{"href":"https:\/\/rnoticias.com.mx\/Portal\/wp-json\/wp\/v2\/posts"}],"about":[{"href":"https:\/\/rnoticias.com.mx\/Portal\/wp-json\/wp\/v2\/types\/post"}],"author":[{"embeddable":true,"href":"https:\/\/rnoticias.com.mx\/Portal\/wp-json\/wp\/v2\/users\/2"}],"replies":[{"embeddable":true,"href":"https:\/\/rnoticias.com.mx\/Portal\/wp-json\/wp\/v2\/comments?post=254290"}],"version-history":[{"count":1,"href":"https:\/\/rnoticias.com.mx\/Portal\/wp-json\/wp\/v2\/posts\/254290\/revisions"}],"predecessor-version":[{"id":254292,"href":"https:\/\/rnoticias.com.mx\/Portal\/wp-json\/wp\/v2\/posts\/254290\/revisions\/254292"}],"wp:featuredmedia":[{"embeddable":true,"href":"https:\/\/rnoticias.com.mx\/Portal\/wp-json\/wp\/v2\/media\/254291"}],"wp:attachment":[{"href":"https:\/\/rnoticias.com.mx\/Portal\/wp-json\/wp\/v2\/media?parent=254290"}],"wp:term":[{"taxonomy":"category","embeddable":true,"href":"https:\/\/rnoticias.com.mx\/Portal\/wp-json\/wp\/v2\/categories?post=254290"},{"taxonomy":"post_tag","embeddable":true,"href":"https:\/\/rnoticias.com.mx\/Portal\/wp-json\/wp\/v2\/tags?post=254290"}],"curies":[{"name":"wp","href":"https:\/\/api.w.org\/{rel}","templated":true}]}}