{"id":254287,"date":"2026-04-29T09:47:07","date_gmt":"2026-04-29T16:47:07","guid":{"rendered":"https:\/\/rnoticias.com.mx\/Portal\/?p=254287"},"modified":"2026-04-29T09:47:07","modified_gmt":"2026-04-29T16:47:07","slug":"memo-ochoa-anuncia-su-retiro-del-futbol-tras-la-copa-mundial-2026","status":"publish","type":"post","link":"https:\/\/rnoticias.com.mx\/Portal\/2026\/04\/29\/memo-ochoa-anuncia-su-retiro-del-futbol-tras-la-copa-mundial-2026\/","title":{"rendered":"Memo Ochoa anuncia su retiro del f\u00fatbol tras la Copa Mundial 2026"},"content":{"rendered":"<p>En una entrevista concedida a TUDN, el portero de 40 a\u00f1os confirm\u00f3 que su despedida del f\u00fatbol profesional se producir\u00e1 al t\u00e9rmino de la Copa Mundial de la FIFA 2026, la \u00faltima cita que considerar\u00e1 para cerrar su trayectoria tanto en clubes como en la Selecci\u00f3n Mexicana.<\/p>\n<p>Ochoa explic\u00f3 que la decisi\u00f3n fue tomada de manera consciente y tranquila, se\u00f1alando que su cuerpo y su familia est\u00e1n preparados para iniciar un nuevo ciclo. &#8220;Mi cabeza y mi cuerpo dicen que lo hemos dado todo; me voy tranquilo&#8221;, afirm\u00f3 el arquero, quien a\u00f1adi\u00f3 que su prioridad es enfocarse en la mayor cita del balompi\u00e9 profesional.<\/p>\n<p>El veterano guardameta, que ha sido titular en cinco Mundiales (Alemania 2006, Sud\u00e1frica 2010, Brasil 2014, Rusia 2018 y Catar 2022), reconoce que la competencia de nuevas generaciones, como Ra\u00fal Rangel y Carlos Acevedo, es natural. Sin embargo, asegur\u00f3 que seguir\u00e1 luchando por la titularidad en el torneo norteamericano y que, si le toca jugar, estar\u00e1 listo; de lo contrario, tambi\u00e9n lo estar\u00e1.<\/p>\n<p>Con m\u00e1s de veinte a\u00f1os de carrera, Ochoa ha dejado una huella imborrable. Debut\u00f3 con el Club Am\u00e9rica, donde gan\u00f3 t\u00edtulos nacionales, y luego jug\u00f3 en Europa con equipos como Ajaccio (Francia), Standard de Lieja (B\u00e9lgica), M\u00e1laga y Granada (Espa\u00f1a) y Salernitana (Italia). Su paso por ligas extranjeras abri\u00f3 puertas a otros futbolistas mexicanos y lo consolid\u00f3 como referente para las nuevas generaciones de arqueros.<\/p>\n<p>El anuncio de su retiro marca el cierre de una era para la Selecci\u00f3n Mexicana y el f\u00fatbol nacional. &#8220;Me voy satisfecho, tranquilo y con la certeza de haber disfrutado y entregado todo lo que ten\u00eda&#8221;, concluy\u00f3 Ochoa, dejando en alto el legado de uno de los porteros m\u00e1s reconocidos de la historia reciente del deporte mexicano.<\/p>\n","protected":false},"excerpt":{"rendered":"<p>En una entrevista concedida a TUDN, el portero de 40 a\u00f1os confirm\u00f3 que su despedida del f\u00fatbol profesional se producir\u00e1 al t\u00e9rmino de la Copa Mundial de la FIFA 2026, la \u00faltima cita que considerar\u00e1 para cerrar su trayectoria tanto en clubes como en la Selecci\u00f3n Mexicana. Ochoa explic\u00f3 que la decisi\u00f3n fue tomada de [&hellip;]<\/p>\n","protected":false},"author":2,"featured_media":254288,"comment_status":"closed","ping_status":"closed","sticky":false,"template":"","format":"standard","meta":{"footnotes":""},"categories":[188,12870],"tags":[5231,12865],"class_list":["post-254287","post","type-post","status-publish","format-standard","has-post-thumbnail","hentry","category-deportes","category-destacadas","tag-deportes","tag-destacadas"],"jetpack_featured_media_url":"https:\/\/rnoticias.com.mx\/Portal\/wp-content\/uploads\/2026\/04\/guillermo-ochoa-llega-al-limassol-de-cara-a-su-posible-sexto-mundial-en-2026_b446af30-eac8-4bed-8aef-473c1f3bc607_medialjnimgndimagefullsize.webp","amp_enabled":true,"_links":{"self":[{"href":"https:\/\/rnoticias.com.mx\/Portal\/wp-json\/wp\/v2\/posts\/254287","targetHints":{"allow":["GET"]}}],"collection":[{"href":"https:\/\/rnoticias.com.mx\/Portal\/wp-json\/wp\/v2\/posts"}],"about":[{"href":"https:\/\/rnoticias.com.mx\/Portal\/wp-json\/wp\/v2\/types\/post"}],"author":[{"embeddable":true,"href":"https:\/\/rnoticias.com.mx\/Portal\/wp-json\/wp\/v2\/users\/2"}],"replies":[{"embeddable":true,"href":"https:\/\/rnoticias.com.mx\/Portal\/wp-json\/wp\/v2\/comments?post=254287"}],"version-history":[{"count":1,"href":"https:\/\/rnoticias.com.mx\/Portal\/wp-json\/wp\/v2\/posts\/254287\/revisions"}],"predecessor-version":[{"id":254289,"href":"https:\/\/rnoticias.com.mx\/Portal\/wp-json\/wp\/v2\/posts\/254287\/revisions\/254289"}],"wp:featuredmedia":[{"embeddable":true,"href":"https:\/\/rnoticias.com.mx\/Portal\/wp-json\/wp\/v2\/media\/254288"}],"wp:attachment":[{"href":"https:\/\/rnoticias.com.mx\/Portal\/wp-json\/wp\/v2\/media?parent=254287"}],"wp:term":[{"taxonomy":"category","embeddable":true,"href":"https:\/\/rnoticias.com.mx\/Portal\/wp-json\/wp\/v2\/categories?post=254287"},{"taxonomy":"post_tag","embeddable":true,"href":"https:\/\/rnoticias.com.mx\/Portal\/wp-json\/wp\/v2\/tags?post=254287"}],"curies":[{"name":"wp","href":"https:\/\/api.w.org\/{rel}","templated":true}]}}