{"id":254284,"date":"2026-04-29T09:46:21","date_gmt":"2026-04-29T16:46:21","guid":{"rendered":"https:\/\/rnoticias.com.mx\/Portal\/?p=254284"},"modified":"2026-04-29T09:53:16","modified_gmt":"2026-04-29T16:53:16","slug":"chicharito-niega-su-retiro-y-asegura-que-sigue-activo-pese-a-estar-sin-club","status":"publish","type":"post","link":"https:\/\/rnoticias.com.mx\/Portal\/2026\/04\/29\/chicharito-niega-su-retiro-y-asegura-que-sigue-activo-pese-a-estar-sin-club\/","title":{"rendered":"Chicharito niega su retiro y asegura que sigue activo pese a estar sin club"},"content":{"rendered":"<p>El delantero mexicano Javier &#8216;Chicharito&#8217; Hern\u00e1ndez dej\u00f3 claro, a trav\u00e9s de sus redes sociales, que no est\u00e1 retirado del f\u00fatbol profesional, a pesar de no pertenecer a ning\u00fan club desde su salida de Chivas en 2025.<\/p>\n<p>En una publicaci\u00f3n reciente, el jugador de 37 a\u00f1os calific\u00f3 de &#8220;fake news&#8221; los rumores que lo se\u00f1alaban como exfutbolista y reiter\u00f3 que sigue entrenando con la intenci\u00f3n de volver a las canchas. &#8220;Pronto habr\u00e1 noticias&#8221;, escribi\u00f3, generando expectativa entre seguidores y la prensa deportiva.<\/p>\n<p>El anuncio se produce en medio de especulaciones alimentadas por su participaci\u00f3n como analista en FOX y su presencia en la Kings League, lo que hab\u00eda llevado a algunos medios a insinuar su posible retiro. Hern\u00e1ndez desminti\u00f3 esas versiones, asegurando que su condici\u00f3n f\u00edsica es adecuada para responder a cualquier propuesta, tanto en M\u00e9xico como en el extranjero.<\/p>\n<p>Hasta la fecha, el exdelantero no ha firmado contrato con ning\u00fan equipo y su situaci\u00f3n contractual sigue sin cambios desde que termin\u00f3 su v\u00ednculo con Chivas. No obstante, mantiene abiertas sus opciones y ha manifestado su disposici\u00f3n a evaluar ofertas que le permitan reincorporarse al f\u00fatbol de alto nivel.<\/p>\n<p>Adem\u00e1s, Chicharito confirm\u00f3 que ser\u00e1 comentarista deportivo para el Mundial 2026, lo que indica su inter\u00e9s por seguir vinculado al deporte, aunque no como jugador retirado.<\/p>\n","protected":false},"excerpt":{"rendered":"<p>El delantero mexicano Javier &#8216;Chicharito&#8217; Hern\u00e1ndez dej\u00f3 claro, a trav\u00e9s de sus redes sociales, que no est\u00e1 retirado del f\u00fatbol profesional, a pesar de no pertenecer a ning\u00fan club desde su salida de Chivas en 2025. En una publicaci\u00f3n reciente, el jugador de 37 a\u00f1os calific\u00f3 de &#8220;fake news&#8221; los rumores que lo se\u00f1alaban como [&hellip;]<\/p>\n","protected":false},"author":2,"featured_media":254285,"comment_status":"closed","ping_status":"closed","sticky":false,"template":"","format":"standard","meta":{"footnotes":""},"categories":[188,12870],"tags":[5231,12865],"class_list":["post-254284","post","type-post","status-publish","format-standard","has-post-thumbnail","hentry","category-deportes","category-destacadas","tag-deportes","tag-destacadas"],"jetpack_featured_media_url":"https:\/\/rnoticias.com.mx\/Portal\/wp-content\/uploads\/2026\/04\/javier-hernandez-125049-1024x576-1.jpg","amp_enabled":true,"_links":{"self":[{"href":"https:\/\/rnoticias.com.mx\/Portal\/wp-json\/wp\/v2\/posts\/254284","targetHints":{"allow":["GET"]}}],"collection":[{"href":"https:\/\/rnoticias.com.mx\/Portal\/wp-json\/wp\/v2\/posts"}],"about":[{"href":"https:\/\/rnoticias.com.mx\/Portal\/wp-json\/wp\/v2\/types\/post"}],"author":[{"embeddable":true,"href":"https:\/\/rnoticias.com.mx\/Portal\/wp-json\/wp\/v2\/users\/2"}],"replies":[{"embeddable":true,"href":"https:\/\/rnoticias.com.mx\/Portal\/wp-json\/wp\/v2\/comments?post=254284"}],"version-history":[{"count":1,"href":"https:\/\/rnoticias.com.mx\/Portal\/wp-json\/wp\/v2\/posts\/254284\/revisions"}],"predecessor-version":[{"id":254286,"href":"https:\/\/rnoticias.com.mx\/Portal\/wp-json\/wp\/v2\/posts\/254284\/revisions\/254286"}],"wp:featuredmedia":[{"embeddable":true,"href":"https:\/\/rnoticias.com.mx\/Portal\/wp-json\/wp\/v2\/media\/254285"}],"wp:attachment":[{"href":"https:\/\/rnoticias.com.mx\/Portal\/wp-json\/wp\/v2\/media?parent=254284"}],"wp:term":[{"taxonomy":"category","embeddable":true,"href":"https:\/\/rnoticias.com.mx\/Portal\/wp-json\/wp\/v2\/categories?post=254284"},{"taxonomy":"post_tag","embeddable":true,"href":"https:\/\/rnoticias.com.mx\/Portal\/wp-json\/wp\/v2\/tags?post=254284"}],"curies":[{"name":"wp","href":"https:\/\/api.w.org\/{rel}","templated":true}]}}