{"id":254281,"date":"2026-04-29T09:42:40","date_gmt":"2026-04-29T16:42:40","guid":{"rendered":"https:\/\/rnoticias.com.mx\/Portal\/?p=254281"},"modified":"2026-04-29T09:42:40","modified_gmt":"2026-04-29T16:42:40","slug":"ejecuta-amic-orden-de-aprehension-contra-probable-agresor-de-elemento-de-la-pesp-en-cajeme","status":"publish","type":"post","link":"https:\/\/rnoticias.com.mx\/Portal\/2026\/04\/29\/ejecuta-amic-orden-de-aprehension-contra-probable-agresor-de-elemento-de-la-pesp-en-cajeme\/","title":{"rendered":"Ejecuta AMIC orden de aprehensi\u00f3n contra probable agresor de elemento de la PESP en Cajeme"},"content":{"rendered":"<p>Cajeme, Sonora, 29 de abril de 2026.- La investigaci\u00f3n derivada de una agresi\u00f3n contra un agente de la Polic\u00eda Estatal de Seguridad P\u00fablica (PESP), en Cajeme, permiti\u00f3 que elementos de Agencia Ministerial de Investigaci\u00f3n Criminal (AMIC) ejecutara orden de aprehensi\u00f3n contra el probable responsable.<\/p>\n<p>La acci\u00f3n judicial se ejecut\u00f3 en el ejido Providencia, en contra de Jes\u00fas Federico \u201cN\u201d, se\u00f1alado por su probable responsabilidad en los delitos de tentativa de homicidio simple doloso y narcomenudeo, en su variante de posesi\u00f3n de metanfetaminas con fines de comercio.<\/p>\n<p>Los hechos que originaron la investigaci\u00f3n se registraron el pasado 4 de febrero, cuando el agente estatal Fernando \u201cN\u201d se encontraba en funciones y fue agredido por el imputado con un arma blanca, poniendo en riesgo su integridad.<\/p>\n<p>De acuerdo con los datos de prueba, el elemento policial emiti\u00f3 comandos verbales para disuadir la agresi\u00f3n; sin embargo, estos fueron ignorados, por lo que, ante un nuevo intento de ataque, repeli\u00f3 la agresi\u00f3n utilizando su arma de cargo, lesionando al agresor en la pierna izquierda.<\/p>\n<p>El imputado fue auxiliado en el lugar y trasladado para recibir atenci\u00f3n m\u00e9dica, quedando posteriormente a disposici\u00f3n de la autoridad ministerial, lo que permiti\u00f3 robustecer la carpeta de investigaci\u00f3n y obtener el mandato judicial correspondiente.<\/p>\n<p>La Fiscal\u00eda General de Justicia del Estado de Sonora (FGJES) refrenda su compromiso actuar con rigor contra quienes atenten contra la integridad de los elementos de seguridad y de la ciudadan\u00eda, actuando con firmeza y apego a la legalidad.<\/p>\n","protected":false},"excerpt":{"rendered":"<p>Cajeme, Sonora, 29 de abril de 2026.- La investigaci\u00f3n derivada de una agresi\u00f3n contra un agente de la Polic\u00eda Estatal de Seguridad P\u00fablica (PESP), en Cajeme, permiti\u00f3 que elementos de Agencia Ministerial de Investigaci\u00f3n Criminal (AMIC) ejecutara orden de aprehensi\u00f3n contra el probable responsable. La acci\u00f3n judicial se ejecut\u00f3 en el ejido Providencia, en contra [&hellip;]<\/p>\n","protected":false},"author":2,"featured_media":254282,"comment_status":"closed","ping_status":"closed","sticky":false,"template":"","format":"standard","meta":{"footnotes":""},"categories":[174],"tags":[12873],"class_list":["post-254281","post","type-post","status-publish","format-standard","has-post-thumbnail","hentry","category-estatal","tag-estatal"],"jetpack_featured_media_url":"https:\/\/rnoticias.com.mx\/Portal\/wp-content\/uploads\/2026\/04\/00-2.jpg","amp_enabled":true,"_links":{"self":[{"href":"https:\/\/rnoticias.com.mx\/Portal\/wp-json\/wp\/v2\/posts\/254281","targetHints":{"allow":["GET"]}}],"collection":[{"href":"https:\/\/rnoticias.com.mx\/Portal\/wp-json\/wp\/v2\/posts"}],"about":[{"href":"https:\/\/rnoticias.com.mx\/Portal\/wp-json\/wp\/v2\/types\/post"}],"author":[{"embeddable":true,"href":"https:\/\/rnoticias.com.mx\/Portal\/wp-json\/wp\/v2\/users\/2"}],"replies":[{"embeddable":true,"href":"https:\/\/rnoticias.com.mx\/Portal\/wp-json\/wp\/v2\/comments?post=254281"}],"version-history":[{"count":1,"href":"https:\/\/rnoticias.com.mx\/Portal\/wp-json\/wp\/v2\/posts\/254281\/revisions"}],"predecessor-version":[{"id":254283,"href":"https:\/\/rnoticias.com.mx\/Portal\/wp-json\/wp\/v2\/posts\/254281\/revisions\/254283"}],"wp:featuredmedia":[{"embeddable":true,"href":"https:\/\/rnoticias.com.mx\/Portal\/wp-json\/wp\/v2\/media\/254282"}],"wp:attachment":[{"href":"https:\/\/rnoticias.com.mx\/Portal\/wp-json\/wp\/v2\/media?parent=254281"}],"wp:term":[{"taxonomy":"category","embeddable":true,"href":"https:\/\/rnoticias.com.mx\/Portal\/wp-json\/wp\/v2\/categories?post=254281"},{"taxonomy":"post_tag","embeddable":true,"href":"https:\/\/rnoticias.com.mx\/Portal\/wp-json\/wp\/v2\/tags?post=254281"}],"curies":[{"name":"wp","href":"https:\/\/api.w.org\/{rel}","templated":true}]}}