{"id":254278,"date":"2026-04-29T09:41:35","date_gmt":"2026-04-29T16:41:35","guid":{"rendered":"https:\/\/rnoticias.com.mx\/Portal\/?p=254278"},"modified":"2026-04-29T09:41:35","modified_gmt":"2026-04-29T16:41:35","slug":"fgjes-obtiene-vinculacion-a-proceso-de-jesus-manuel-n-por-homicidio-calificado-en-hermosillo","status":"publish","type":"post","link":"https:\/\/rnoticias.com.mx\/Portal\/2026\/04\/29\/fgjes-obtiene-vinculacion-a-proceso-de-jesus-manuel-n-por-homicidio-calificado-en-hermosillo\/","title":{"rendered":"FGJES obtiene vinculaci\u00f3n a proceso de Jes\u00fas Manuel &#8220;N&#8221; por homicidio calificado en Hermosillo"},"content":{"rendered":"<p>Hermosillo, Sonora, 29 de abril de 2026.- La Fiscal\u00eda General de Justicia del Estado de Sonora (FGJES) obtuvo la vinculaci\u00f3n a proceso en reclusi\u00f3n en contra de Jes\u00fas Manuel &#8220;N&#8221;, de 27 a\u00f1os de edad, por su probable responsabilidad en el delito de homicidio calificado con premeditaci\u00f3n, alevos\u00eda y ventaja, en perjuicio de Sergio Ram\u00f3n &#8220;N&#8221;, hecho registrado en Hermosillo.<\/p>\n<p>De acuerdo con los datos de prueba que obran en la carpeta de investigaci\u00f3n, los hechos se registraron el 10 de marzo de 2026, cuando el imputado ingres\u00f3 a un punto de venta de drogas ubicado en la colonia Tierra Nueva, donde accion\u00f3 un arma de fuego en contra de la v\u00edctima, priv\u00e1ndola de la vida.<\/p>\n<p>El imputado cuenta con antecedentes por delitos contra la salud en su modalidad de narcomenudeo, posesi\u00f3n y comercio de droga, as\u00ed como por robo de veh\u00edculo de propulsi\u00f3n mec\u00e1nica, los cuales forman parte del an\u00e1lisis integral dentro de las l\u00edneas de investigaci\u00f3n.<\/p>\n<p>Como parte de los actos de investigaci\u00f3n complementarios, se estableci\u00f3 su probable intervenci\u00f3n en el traslado de un veh\u00edculo tipo Ford Escape hacia la ciudad de Nogales, retornando posteriormente a Ciudad Obreg\u00f3n a bordo de un veh\u00edculo tipo Ford Fusion.<\/p>\n<p>El mandamiento judicial fue cumplimentado en el Centro de Reinserci\u00f3n Social (CERESO) n\u00famero 1 de Hermosillo, donde el imputado se encontraba privado de la libertad, tras haber sido detenido por elementos de la Polic\u00eda Estatal de Seguridad P\u00fablica por el delito de posesi\u00f3n de narc\u00f3tico con fines de comercio.<\/p>\n<p>La Fiscal\u00eda General de Justicia del Estado de Sonora continuar\u00e1 con el seguimiento del proceso penal conforme a derecho, en estricto apego a los principios de legalidad, objetividad y debido proceso, a fin de garantizar el acceso a la justicia.<\/p>\n","protected":false},"excerpt":{"rendered":"<p>Hermosillo, Sonora, 29 de abril de 2026.- La Fiscal\u00eda General de Justicia del Estado de Sonora (FGJES) obtuvo la vinculaci\u00f3n a proceso en reclusi\u00f3n en contra de Jes\u00fas Manuel &#8220;N&#8221;, de 27 a\u00f1os de edad, por su probable responsabilidad en el delito de homicidio calificado con premeditaci\u00f3n, alevos\u00eda y ventaja, en perjuicio de Sergio Ram\u00f3n [&hellip;]<\/p>\n","protected":false},"author":2,"featured_media":254279,"comment_status":"closed","ping_status":"closed","sticky":false,"template":"","format":"standard","meta":{"footnotes":""},"categories":[178],"tags":[12869],"class_list":["post-254278","post","type-post","status-publish","format-standard","has-post-thumbnail","hentry","category-local","tag-local"],"jetpack_featured_media_url":"https:\/\/rnoticias.com.mx\/Portal\/wp-content\/uploads\/2026\/04\/WhatsApp-Image-2026-04-27-at-1.40.49-PM.jpeg","amp_enabled":true,"_links":{"self":[{"href":"https:\/\/rnoticias.com.mx\/Portal\/wp-json\/wp\/v2\/posts\/254278","targetHints":{"allow":["GET"]}}],"collection":[{"href":"https:\/\/rnoticias.com.mx\/Portal\/wp-json\/wp\/v2\/posts"}],"about":[{"href":"https:\/\/rnoticias.com.mx\/Portal\/wp-json\/wp\/v2\/types\/post"}],"author":[{"embeddable":true,"href":"https:\/\/rnoticias.com.mx\/Portal\/wp-json\/wp\/v2\/users\/2"}],"replies":[{"embeddable":true,"href":"https:\/\/rnoticias.com.mx\/Portal\/wp-json\/wp\/v2\/comments?post=254278"}],"version-history":[{"count":1,"href":"https:\/\/rnoticias.com.mx\/Portal\/wp-json\/wp\/v2\/posts\/254278\/revisions"}],"predecessor-version":[{"id":254280,"href":"https:\/\/rnoticias.com.mx\/Portal\/wp-json\/wp\/v2\/posts\/254278\/revisions\/254280"}],"wp:featuredmedia":[{"embeddable":true,"href":"https:\/\/rnoticias.com.mx\/Portal\/wp-json\/wp\/v2\/media\/254279"}],"wp:attachment":[{"href":"https:\/\/rnoticias.com.mx\/Portal\/wp-json\/wp\/v2\/media?parent=254278"}],"wp:term":[{"taxonomy":"category","embeddable":true,"href":"https:\/\/rnoticias.com.mx\/Portal\/wp-json\/wp\/v2\/categories?post=254278"},{"taxonomy":"post_tag","embeddable":true,"href":"https:\/\/rnoticias.com.mx\/Portal\/wp-json\/wp\/v2\/tags?post=254278"}],"curies":[{"name":"wp","href":"https:\/\/api.w.org\/{rel}","templated":true}]}}