{"id":254275,"date":"2026-04-29T09:40:43","date_gmt":"2026-04-29T16:40:43","guid":{"rendered":"https:\/\/rnoticias.com.mx\/Portal\/?p=254275"},"modified":"2026-04-29T09:40:43","modified_gmt":"2026-04-29T16:40:43","slug":"obtiene-fgjes-sentencia-mediante-procedimiento-abreviado-por-desaparicion-de-persona-en-caborca","status":"publish","type":"post","link":"https:\/\/rnoticias.com.mx\/Portal\/2026\/04\/29\/obtiene-fgjes-sentencia-mediante-procedimiento-abreviado-por-desaparicion-de-persona-en-caborca\/","title":{"rendered":"Obtiene FGJES sentencia mediante procedimiento abreviado por desaparici\u00f3n de persona en Caborca"},"content":{"rendered":"<p>Caborca, Sonora, 29 de abril de 2026.- Las investigaciones realizadas por la Fiscal\u00eda General de Justicia del Estado de Sonora (FGJES) por la desaparici\u00f3n de un joven, en Caborca, deriv\u00f3 en una sentencia condenatoria de 21 a\u00f1os y 8 meses de prisi\u00f3n y sanciones econ\u00f3micas que superan los 439 mil pesos mediante procedimiento abreviado, luego de que el imputado aceptara su responsabilidad ante la autoridad judicial.<\/p>\n<p>Se trata de Francisco Ram\u00f3n \u201cN\u201d, de 25 a\u00f1os, quien recibi\u00f3 la condena por los delitos de desaparici\u00f3n cometida por particulares, privaci\u00f3n ilegal de la libertad y asociaci\u00f3n delictuosa, en agravio de Jos\u00e9 Rolando \u201cN\u201d, tambi\u00e9n de 25 a\u00f1os, y la sociedad.<\/p>\n<p>Previo al inicio de la audiencia de juicio oral, se autoriz\u00f3 la apertura del procedimiento abreviado, el cual fue aceptado por el imputado y validado por el Juez, tras valorar los datos de prueba presentados por el Agente del Ministerio P\u00fablico.<\/p>\n<p>De acuerdo con las pruebas expuestas, los hechos ocurrieron el 12 de julio de 2023, cuando el ahora sentenciado, en compa\u00f1\u00eda de otros sujetos, arrib\u00f3 armado a un domicilio en la colonia Centro de Caborca.<\/p>\n<p>En el lugar, la v\u00edctima se encontraba a bordo de un veh\u00edculo Nissan Pathfinder color gris, cuando fue sometida mediante violencia f\u00edsica y moral, siendo amagada con armas de fuego y obligada a subir a la unidad en la que llegaron los agresores, quienes posteriormente se retiraron del sitio, priv\u00e1ndolo de su libertad.<\/p>\n<p>Hasta el momento, no se ha logrado establecer el paradero de la v\u00edctima, por lo que las investigaciones contin\u00faan en curso para su localizaci\u00f3n.<\/p>\n<p>La Fiscal\u00eda General de Justicia del Estado de Sonora refrenda su compromiso de investigar con rigor t\u00e9cnico y llevar ante la justicia a quienes atenten contra la libertad y la vida de las personas, garantizando el acceso a la verdad y la legalidad.<\/p>\n","protected":false},"excerpt":{"rendered":"<p>Caborca, Sonora, 29 de abril de 2026.- Las investigaciones realizadas por la Fiscal\u00eda General de Justicia del Estado de Sonora (FGJES) por la desaparici\u00f3n de un joven, en Caborca, deriv\u00f3 en una sentencia condenatoria de 21 a\u00f1os y 8 meses de prisi\u00f3n y sanciones econ\u00f3micas que superan los 439 mil pesos mediante procedimiento abreviado, luego [&hellip;]<\/p>\n","protected":false},"author":2,"featured_media":254276,"comment_status":"closed","ping_status":"closed","sticky":false,"template":"","format":"standard","meta":{"footnotes":""},"categories":[174],"tags":[12873],"class_list":["post-254275","post","type-post","status-publish","format-standard","has-post-thumbnail","hentry","category-estatal","tag-estatal"],"jetpack_featured_media_url":"https:\/\/rnoticias.com.mx\/Portal\/wp-content\/uploads\/2026\/04\/60-2.jpg","amp_enabled":true,"_links":{"self":[{"href":"https:\/\/rnoticias.com.mx\/Portal\/wp-json\/wp\/v2\/posts\/254275","targetHints":{"allow":["GET"]}}],"collection":[{"href":"https:\/\/rnoticias.com.mx\/Portal\/wp-json\/wp\/v2\/posts"}],"about":[{"href":"https:\/\/rnoticias.com.mx\/Portal\/wp-json\/wp\/v2\/types\/post"}],"author":[{"embeddable":true,"href":"https:\/\/rnoticias.com.mx\/Portal\/wp-json\/wp\/v2\/users\/2"}],"replies":[{"embeddable":true,"href":"https:\/\/rnoticias.com.mx\/Portal\/wp-json\/wp\/v2\/comments?post=254275"}],"version-history":[{"count":1,"href":"https:\/\/rnoticias.com.mx\/Portal\/wp-json\/wp\/v2\/posts\/254275\/revisions"}],"predecessor-version":[{"id":254277,"href":"https:\/\/rnoticias.com.mx\/Portal\/wp-json\/wp\/v2\/posts\/254275\/revisions\/254277"}],"wp:featuredmedia":[{"embeddable":true,"href":"https:\/\/rnoticias.com.mx\/Portal\/wp-json\/wp\/v2\/media\/254276"}],"wp:attachment":[{"href":"https:\/\/rnoticias.com.mx\/Portal\/wp-json\/wp\/v2\/media?parent=254275"}],"wp:term":[{"taxonomy":"category","embeddable":true,"href":"https:\/\/rnoticias.com.mx\/Portal\/wp-json\/wp\/v2\/categories?post=254275"},{"taxonomy":"post_tag","embeddable":true,"href":"https:\/\/rnoticias.com.mx\/Portal\/wp-json\/wp\/v2\/tags?post=254275"}],"curies":[{"name":"wp","href":"https:\/\/api.w.org\/{rel}","templated":true}]}}