{"id":254272,"date":"2026-04-29T09:38:55","date_gmt":"2026-04-29T16:38:55","guid":{"rendered":"https:\/\/rnoticias.com.mx\/Portal\/?p=254272"},"modified":"2026-04-29T09:38:55","modified_gmt":"2026-04-29T16:38:55","slug":"fgjes-logra-vinculacion-a-proceso-contra-sujeto-por-abuso-sexual-agravado-en-cananea","status":"publish","type":"post","link":"https:\/\/rnoticias.com.mx\/Portal\/2026\/04\/29\/fgjes-logra-vinculacion-a-proceso-contra-sujeto-por-abuso-sexual-agravado-en-cananea\/","title":{"rendered":"FGJES logra vinculaci\u00f3n a proceso contra sujeto por abuso sexual agravado en Cananea"},"content":{"rendered":"<p>Cananea, Sonora, 29 de abril de 2026.- La Fiscal\u00eda General de Justicia del Estado de Sonora (FGJES), obtuvo auto de vinculaci\u00f3n a proceso en contra de Mario Rafael &#8220;N&#8221;, por su probable responsabilidad en el delito de abuso sexual agravado, en perjuicio de una persona menor de edad de identidad reservada en Cananea.<\/p>\n<p>De acuerdo con los datos de prueba expuestos por el Ministerio P\u00fablico, los hechos ocurrieron entre los meses de junio y julio de 2022, en un domicilio ubicado en la colonia Mesa de Garibay.<\/p>\n<p>Se estableci\u00f3 que el imputado, aprovech\u00e1ndose de la relaci\u00f3n de confianza derivada de su v\u00ednculo con un familiar de la v\u00edctima, realiz\u00f3 actos de naturaleza sexual en contra del menor de edad, cuando se encontraban a solas en el interior del domicilio.<\/p>\n<p>Las conductas imputadas consisten en actos de car\u00e1cter er\u00f3tico-sexual realizados sin consentimiento, lo que actualiza el delito de abuso sexual agravado conforme a la legislaci\u00f3n penal vigente.<\/p>\n<p>En audiencia de vinculaci\u00f3n a proceso, celebrada dentro del plazo constitucional de 144 horas, el Juez resolvi\u00f3 dictar auto de vinculaci\u00f3n a proceso en contra del imputado e impuso la medida cautelar de prisi\u00f3n preventiva justificada.<\/p>\n<p>La Fiscal\u00eda General de Justicia del Estado de Sonora reitera su compromiso de investigar y perseguir con firmeza los delitos que atentan contra la integridad y el desarrollo de ni\u00f1as, ni\u00f1os y adolescentes, garantizando el acceso a la justicia, la protecci\u00f3n integral de las v\u00edctimas y el respeto al debido proceso.<\/p>\n","protected":false},"excerpt":{"rendered":"<p>Cananea, Sonora, 29 de abril de 2026.- La Fiscal\u00eda General de Justicia del Estado de Sonora (FGJES), obtuvo auto de vinculaci\u00f3n a proceso en contra de Mario Rafael &#8220;N&#8221;, por su probable responsabilidad en el delito de abuso sexual agravado, en perjuicio de una persona menor de edad de identidad reservada en Cananea. De acuerdo [&hellip;]<\/p>\n","protected":false},"author":2,"featured_media":254273,"comment_status":"closed","ping_status":"closed","sticky":false,"template":"","format":"standard","meta":{"footnotes":""},"categories":[174],"tags":[12873],"class_list":["post-254272","post","type-post","status-publish","format-standard","has-post-thumbnail","hentry","category-estatal","tag-estatal"],"jetpack_featured_media_url":"https:\/\/rnoticias.com.mx\/Portal\/wp-content\/uploads\/2026\/04\/70-2.jpg","amp_enabled":true,"_links":{"self":[{"href":"https:\/\/rnoticias.com.mx\/Portal\/wp-json\/wp\/v2\/posts\/254272","targetHints":{"allow":["GET"]}}],"collection":[{"href":"https:\/\/rnoticias.com.mx\/Portal\/wp-json\/wp\/v2\/posts"}],"about":[{"href":"https:\/\/rnoticias.com.mx\/Portal\/wp-json\/wp\/v2\/types\/post"}],"author":[{"embeddable":true,"href":"https:\/\/rnoticias.com.mx\/Portal\/wp-json\/wp\/v2\/users\/2"}],"replies":[{"embeddable":true,"href":"https:\/\/rnoticias.com.mx\/Portal\/wp-json\/wp\/v2\/comments?post=254272"}],"version-history":[{"count":1,"href":"https:\/\/rnoticias.com.mx\/Portal\/wp-json\/wp\/v2\/posts\/254272\/revisions"}],"predecessor-version":[{"id":254274,"href":"https:\/\/rnoticias.com.mx\/Portal\/wp-json\/wp\/v2\/posts\/254272\/revisions\/254274"}],"wp:featuredmedia":[{"embeddable":true,"href":"https:\/\/rnoticias.com.mx\/Portal\/wp-json\/wp\/v2\/media\/254273"}],"wp:attachment":[{"href":"https:\/\/rnoticias.com.mx\/Portal\/wp-json\/wp\/v2\/media?parent=254272"}],"wp:term":[{"taxonomy":"category","embeddable":true,"href":"https:\/\/rnoticias.com.mx\/Portal\/wp-json\/wp\/v2\/categories?post=254272"},{"taxonomy":"post_tag","embeddable":true,"href":"https:\/\/rnoticias.com.mx\/Portal\/wp-json\/wp\/v2\/tags?post=254272"}],"curies":[{"name":"wp","href":"https:\/\/api.w.org\/{rel}","templated":true}]}}