{"id":254266,"date":"2026-04-29T08:42:14","date_gmt":"2026-04-29T15:42:14","guid":{"rendered":"https:\/\/rnoticias.com.mx\/Portal\/?p=254266"},"modified":"2026-04-29T08:42:14","modified_gmt":"2026-04-29T15:42:14","slug":"recibe-pan-hermosillo-a-nuevos-miembros","status":"publish","type":"post","link":"https:\/\/rnoticias.com.mx\/Portal\/2026\/04\/29\/recibe-pan-hermosillo-a-nuevos-miembros\/","title":{"rendered":"Recibe PAN Hermosillo a nuevos miembros"},"content":{"rendered":"<p><strong>Hermosillo, Sonora a abril de 2026.- <\/strong>Atendiendo el llamado del partido a participar en el cambio que M\u00e9xico requiere, 52 ciudadanos hermosillenses, en su gran mayor\u00eda j\u00f3venes, se afiliaron este fin de semana al PAN Hermosillo, que los recibi\u00f3 con los brazos abiertos y los invit\u00f3 a trabajar para defender la patria, la familia y la libertad.<\/p>\n<p>&nbsp;<\/p>\n<p>Fue el Presidente del partido en la capital sonorense, Luis Estevan\u00e9 Hern\u00e1ndez quien dio la bienvenida a los nuevos miembros de la familia panista en un emotivo evento, donde dijo a los presentes que en Acci\u00f3n Nacional hay lugar para los mejores, para aquellos que se quieran ganar los espacios con trabajo y con resultados.<\/p>\n<p>&nbsp;<\/p>\n<p>\u201cEste grupo de j\u00f3venes hermosillense han respondido al llamado de nuestro partido y se han convertido en una herramienta del Hermosillo que viene. El PAN es una herramienta de los hermosillenses, de los \u00faltimos 10 alcaldes de Hermosillo, siete han sido emanados del PAN, y eso ha sido posible gracias al trabajo de much\u00edsima gente que ha conformado Acci\u00f3n Nacional\u201d.<\/p>\n<p>&nbsp;<\/p>\n<p>Por su parte la Secretaria General del PAN en Sonora, Celina Aldana Mart\u00ednez destac\u00f3 ante los nuevos panistas que el partido es una verdadera familia donde no importa el tiempo que se tenga en esta, sino lo que cada uno de viene a aportar.<\/p>\n<p>&nbsp;<\/p>\n<p>\u201cPorque aqu\u00ed en el Partido Acci\u00f3n Nacional venimos a ser \u00fatiles a la patria, aqu\u00ed venimos a servir aqu\u00ed venimos a trabajar todos los d\u00edas. Aqu\u00ed hay un presente y un futuro, ustedes vienen a mover almas\u201d.<\/p>\n<p>&nbsp;<\/p>\n<p>Y en su intervenci\u00f3n, el Secretario Estatal de Acci\u00f3n Juvenil, Jos\u00e9 Luis Soltero Ram\u00edrez dej\u00f3 en claro que, como j\u00f3venes, tienen la encomienda de defender Sonora, de defender la patria, la familia que es lo m\u00e1s importante, y la libertad.<\/p>\n<p>&nbsp;<\/p>\n<p>Cabe destacar adem\u00e1s, que en el marco de este evento, se tom\u00f3 protesta a Karla L\u00f3pez Noriega como Directora de Acci\u00f3n Juvenil, quien llega a esta encomienda junto a un grupo de j\u00f3venes con a\u00f1os de experiencia en causas sociales y trabajo real en las calles.<\/p>\n<p>&nbsp;<\/p>\n<p>\u201cVenimos con la firme convicci\u00f3n de que podemos sumar, construir y transformar. Hoy aceptamos este compromiso con humildad si no con determinaci\u00f3n pues no se trata de pertenecer sino tambi\u00e9n de servir\u201d.<\/p>\n","protected":false},"excerpt":{"rendered":"<p>Hermosillo, Sonora a abril de 2026.- Atendiendo el llamado del partido a participar en el cambio que M\u00e9xico requiere, 52 ciudadanos hermosillenses, en su gran mayor\u00eda j\u00f3venes, se afiliaron este fin de semana al PAN Hermosillo, que los recibi\u00f3 con los brazos abiertos y los invit\u00f3 a trabajar para defender la patria, la familia y [&hellip;]<\/p>\n","protected":false},"author":2,"featured_media":254267,"comment_status":"closed","ping_status":"closed","sticky":false,"template":"","format":"standard","meta":{"footnotes":""},"categories":[12868],"tags":[12879],"class_list":["post-254266","post","type-post","status-publish","format-standard","has-post-thumbnail","hentry","category-politica","tag-politica"],"jetpack_featured_media_url":"https:\/\/rnoticias.com.mx\/Portal\/wp-content\/uploads\/2026\/04\/19-ABRIL-1-scaled.jpeg","amp_enabled":true,"_links":{"self":[{"href":"https:\/\/rnoticias.com.mx\/Portal\/wp-json\/wp\/v2\/posts\/254266","targetHints":{"allow":["GET"]}}],"collection":[{"href":"https:\/\/rnoticias.com.mx\/Portal\/wp-json\/wp\/v2\/posts"}],"about":[{"href":"https:\/\/rnoticias.com.mx\/Portal\/wp-json\/wp\/v2\/types\/post"}],"author":[{"embeddable":true,"href":"https:\/\/rnoticias.com.mx\/Portal\/wp-json\/wp\/v2\/users\/2"}],"replies":[{"embeddable":true,"href":"https:\/\/rnoticias.com.mx\/Portal\/wp-json\/wp\/v2\/comments?post=254266"}],"version-history":[{"count":1,"href":"https:\/\/rnoticias.com.mx\/Portal\/wp-json\/wp\/v2\/posts\/254266\/revisions"}],"predecessor-version":[{"id":254268,"href":"https:\/\/rnoticias.com.mx\/Portal\/wp-json\/wp\/v2\/posts\/254266\/revisions\/254268"}],"wp:featuredmedia":[{"embeddable":true,"href":"https:\/\/rnoticias.com.mx\/Portal\/wp-json\/wp\/v2\/media\/254267"}],"wp:attachment":[{"href":"https:\/\/rnoticias.com.mx\/Portal\/wp-json\/wp\/v2\/media?parent=254266"}],"wp:term":[{"taxonomy":"category","embeddable":true,"href":"https:\/\/rnoticias.com.mx\/Portal\/wp-json\/wp\/v2\/categories?post=254266"},{"taxonomy":"post_tag","embeddable":true,"href":"https:\/\/rnoticias.com.mx\/Portal\/wp-json\/wp\/v2\/tags?post=254266"}],"curies":[{"name":"wp","href":"https:\/\/api.w.org\/{rel}","templated":true}]}}