{"id":254263,"date":"2026-04-29T08:39:52","date_gmt":"2026-04-29T15:39:52","guid":{"rendered":"https:\/\/rnoticias.com.mx\/Portal\/?p=254263"},"modified":"2026-04-29T08:39:52","modified_gmt":"2026-04-29T15:39:52","slug":"joven-se-declara-culpable-por-intentar-hacer-un-atentado-contra-taylor-swift-en-2024","status":"publish","type":"post","link":"https:\/\/rnoticias.com.mx\/Portal\/2026\/04\/29\/joven-se-declara-culpable-por-intentar-hacer-un-atentado-contra-taylor-swift-en-2024\/","title":{"rendered":"Joven se declara culpable por intentar hacer un atentado contra Taylor Swift en 2024"},"content":{"rendered":"<p>Un hombre de 21 a\u00f1os se declar\u00f3 culpable ante una corte de Austria por planear un\u00a0<strong>atentado yihadista<\/strong>\u00a0contra un concierto de\u00a0<strong>Taylor Swift en 2024<\/strong>, lo que provoc\u00f3 la cancelaci\u00f3n de los espect\u00e1culos de la megaestrella estadounidense en el pa\u00eds alpino.<\/p>\n<h2 class=\"wp-block-heading\">Taylor Swift cancel\u00f3 por intento de ataque terrorista<\/h2>\n<p>Tres fechas de la gira<em><strong>\u00a0&#8220;Eras&#8221;,<\/strong><\/em>\u00a0con la que Swift rompi\u00f3 r\u00e9cords en todo el mundo, terminaron<strong>\u00a0canceladas el verano de ese a\u00f1o<\/strong> despu\u00e9s de que las autoridades alertaron sobre los planes de un ataque durante el recital, Beran A., quien termin\u00f3 conducido a la sala del tribunal por agentes de polic\u00eda enmascarados, est\u00e1 detenido desde su arresto en agosto de 2024 y enfrenta cargos por delitos de terrorismo y otros.<\/p>\n<div class=\"code-block code-block-9\"><\/div>\n<p><em>&#8220;Se declara culpable de todos los cargos, excepto del de intento de asesinato&#8221;<\/em>, declar\u00f3 su abogada Anna Mair, a la agencia de noticias francesa.<\/p>\n<p>Ante el tribunal, el joven afirm\u00f3 que sab\u00eda<em>\u00a0&#8220;que deb\u00eda hacer la yihad, pero ten\u00eda miedo de morir&#8221;,<\/em>\u00a0seg\u00fan la agencia austriaca APA.<\/p>\n<p>Dijo que hab\u00eda fracasado en la fabricaci\u00f3n de una bomba, pero que hab\u00eda intercambiado mensajes en l\u00ednea, incluso con un alto responsable del Estado Isl\u00e1mico, antes del concierto.<\/p>\n<p><em>&#8220;Me gustaba llamar la atenci\u00f3n&#8221;,\u00a0<\/em>indic\u00f3, seg\u00fan la misma fuente.<\/p>\n<h2 class=\"wp-block-heading\">Autor pertenec\u00eda al Estado Isl\u00e1mico<\/h2>\n<p>El austriaco es sospechoso de haber estado en el Estado Isl\u00e1mico (EI) desde mayo de 2023 y de\u00a0<em>&#8220;planear y preparar un ataque terrorista contra el concierto de la cantante Taylor Swift&#8221;,<\/em>\u00a0seg\u00fan los fiscales.<\/p>\n<p>Agreguen que\u00a0<em>&#8220;se aline\u00f3 abiertamente&#8221;<\/em>\u00a0y particip\u00f3 en las actividades de la IE, adem\u00e1s de compartir propaganda alusiva a esa organizaci\u00f3n considerada como terrorista a trav\u00e9s de diversos servicios de mensajer\u00eda.<\/p>\n<p>Mientras planificaba el ataque al concierto presuntamente intent\u00f3 conseguir armas y trabaj\u00f3 en la fabricaci\u00f3n de una bomba &#8220;t\u00edpica de los ataques del EI&#8221;.<\/p>\n<p>Adem\u00e1s recibi\u00f3 instrucciones de otros miembros del grupo yihadista sobre el manejo de explosivos, seg\u00fan la fiscal\u00eda. Otro joven de 21 a\u00f1os, Arda K., es juzgado junto con Beran A., seg\u00fan APA.<\/p>\n<p>El d\u00fao, junto con un tercer hombre, Hasan E., encarcelado en Arabia Saudita, est\u00e1 acusado de formar una &#8220;c\u00e9lula terrorista del EI altamente peligrosa&#8221; que planeaba llevar a cabo varios ataques en nombre de la organizaci\u00f3n yihadista, seg\u00fan la fiscal\u00eda.<\/p>\n<p>El juicio de los dos acusados \u200b\u200best\u00e1 programado para durar cuatro d\u00edas.<\/p>\n<p>Si se le declara culpable, Beran A. se enfrenta a hasta 20 a\u00f1os de prisi\u00f3n.<\/p>\n<p>El a\u00f1o pasado, un tribunal de Berl\u00edn conden\u00f3 a un adolescente sirio por contribuir al complot para atacar el concierto de Swift en Viena.<\/p>\n<p>El joven de 16 a\u00f1os recibi\u00f3 una sentencia de 18 meses de prisi\u00f3n condicional.<\/p>\n<p>El plan de los hombres finalmente termin\u00f3 frustrado<strong>\u00a0con la ayuda de la inteligencia estadounidense.<\/strong><\/p>\n<p><em>&#8220;La raz\u00f3n de las cancelaciones me llen\u00f3 de una nueva sensaci\u00f3n de miedo y de una tremenda culpa, porque muchos hab\u00edan planeado asistir a esos conciertos&#8221;,\u00a0<\/em>escribi\u00f3 m\u00e1s tarde la propia Swift en las redes sociales.<\/p>\n","protected":false},"excerpt":{"rendered":"<p>Un hombre de 21 a\u00f1os se declar\u00f3 culpable ante una corte de Austria por planear un\u00a0atentado yihadista\u00a0contra un concierto de\u00a0Taylor Swift en 2024, lo que provoc\u00f3 la cancelaci\u00f3n de los espect\u00e1culos de la megaestrella estadounidense en el pa\u00eds alpino. Taylor Swift cancel\u00f3 por intento de ataque terrorista Tres fechas de la gira\u00a0&#8220;Eras&#8221;,\u00a0con la que Swift [&hellip;]<\/p>\n","protected":false},"author":2,"featured_media":254264,"comment_status":"closed","ping_status":"closed","sticky":false,"template":"","format":"standard","meta":{"footnotes":""},"categories":[12870,219],"tags":[12865,12875],"class_list":["post-254263","post","type-post","status-publish","format-standard","has-post-thumbnail","hentry","category-destacadas","category-espectaculos","tag-destacadas","tag-espectaculos"],"jetpack_featured_media_url":"https:\/\/rnoticias.com.mx\/Portal\/wp-content\/uploads\/2026\/04\/69f0c69b83e91.jpeg","amp_enabled":true,"_links":{"self":[{"href":"https:\/\/rnoticias.com.mx\/Portal\/wp-json\/wp\/v2\/posts\/254263","targetHints":{"allow":["GET"]}}],"collection":[{"href":"https:\/\/rnoticias.com.mx\/Portal\/wp-json\/wp\/v2\/posts"}],"about":[{"href":"https:\/\/rnoticias.com.mx\/Portal\/wp-json\/wp\/v2\/types\/post"}],"author":[{"embeddable":true,"href":"https:\/\/rnoticias.com.mx\/Portal\/wp-json\/wp\/v2\/users\/2"}],"replies":[{"embeddable":true,"href":"https:\/\/rnoticias.com.mx\/Portal\/wp-json\/wp\/v2\/comments?post=254263"}],"version-history":[{"count":1,"href":"https:\/\/rnoticias.com.mx\/Portal\/wp-json\/wp\/v2\/posts\/254263\/revisions"}],"predecessor-version":[{"id":254265,"href":"https:\/\/rnoticias.com.mx\/Portal\/wp-json\/wp\/v2\/posts\/254263\/revisions\/254265"}],"wp:featuredmedia":[{"embeddable":true,"href":"https:\/\/rnoticias.com.mx\/Portal\/wp-json\/wp\/v2\/media\/254264"}],"wp:attachment":[{"href":"https:\/\/rnoticias.com.mx\/Portal\/wp-json\/wp\/v2\/media?parent=254263"}],"wp:term":[{"taxonomy":"category","embeddable":true,"href":"https:\/\/rnoticias.com.mx\/Portal\/wp-json\/wp\/v2\/categories?post=254263"},{"taxonomy":"post_tag","embeddable":true,"href":"https:\/\/rnoticias.com.mx\/Portal\/wp-json\/wp\/v2\/tags?post=254263"}],"curies":[{"name":"wp","href":"https:\/\/api.w.org\/{rel}","templated":true}]}}