{"id":254254,"date":"2026-04-29T08:32:16","date_gmt":"2026-04-29T15:32:16","guid":{"rendered":"https:\/\/rnoticias.com.mx\/Portal\/?p=254254"},"modified":"2026-04-29T08:32:16","modified_gmt":"2026-04-29T15:32:16","slug":"claudia-sheinbaum-acuerda-con-gasolineros-bajar-el-diesel-a-27-pesos-por-litro-la-proxima-semana","status":"publish","type":"post","link":"https:\/\/rnoticias.com.mx\/Portal\/2026\/04\/29\/claudia-sheinbaum-acuerda-con-gasolineros-bajar-el-diesel-a-27-pesos-por-litro-la-proxima-semana\/","title":{"rendered":"Claudia Sheinbaum acuerda con gasolineros bajar el di\u00e9sel a 27 pesos por litro la pr\u00f3xima semana"},"content":{"rendered":"<p>La presidenta de M\u00e9xico, Claudia Sheinbaum Pardo, alcanz\u00f3 un acuerdo con gasolineros para\u00a0<strong>reducir el precio del di\u00e9sel, con la meta de ubicarlo en 27 pesos por litro a partir de la pr\u00f3xima semana.<\/strong><\/p>\n<p>Este convenio forma parte de la actualizaci\u00f3n del llamado\u00a0<strong>\u201cpacto voluntario\u201d<\/strong>\u00a0entre el gobierno federal y el sector energ\u00e9tico, en el que participan diversas dependencias y actores de la industria petrolera. As\u00ed lo inform\u00f3 Enrique F\u00e9lix Robelo, presidente de la Organizaci\u00f3n Nacional de Expendedores de Petr\u00f3leo (Onexpo), quien destac\u00f3 que existe disposici\u00f3n conjunta para lograr una disminuci\u00f3n gradual en el costo del combustible.<\/p>\n<p><strong>\u201cEl objetivo es llegar a los 27 pesos con apoyo de todas las dependencias involucradas y el sector petrolero\u201d,<\/strong>\u00a0se\u00f1al\u00f3 el representante empresarial al t\u00e9rmino de una reuni\u00f3n realizada en Palacio Nacional.<\/p>\n<p>El precio del di\u00e9sel ha mostrado una tendencia a la baja en las \u00faltimas semanas,<strong>\u00a0al pasar de 28.50 pesos por litro a 28.28 y posteriormente a 28 pesos, como resultado de las mesas de negociaci\u00f3n entre autoridades y empresarios.<\/strong><\/p>\n<p>Durante el encuentro, l<strong>os gasolineros expusieron las dificultades que enfrentan para cumplir con los precios establecidos, especialmente los peque\u00f1os empresarios, quienes carecen de las econom\u00edas de escala de los grandes consorcios.\u00a0<\/strong>Entre los principales retos destacan problemas log\u00edsticos y la ubicaci\u00f3n de estaciones alejadas de los centros de distribuci\u00f3n.<\/p>\n<p>Sobre ese sentido, autoridades como la Procuradur\u00eda Federal del Consumidor (Profeco) y la subsecretar\u00eda de Energ\u00eda se comprometieron a atender las problem\u00e1ticas planteadas para facilitar la reducci\u00f3n de precios.<\/p>\n<p>El incremento reciente en los combustibles se atribuye, en parte,\u00a0<strong>al conflicto en Medio Oriente y al cierre del Estrecho de Ormuz, una ruta clave por donde transita cerca del 25% del suministro mundial de energ\u00e9ticos.<\/strong><\/p>\n<p>Ante este panorama, el gobierno federal ha aplicado medidas como incentivos al Impuesto Especial sobre Producci\u00f3n y Servicios (IEPS)<strong>\u00a0y descuentos en terminales de almacenamiento y reparto de Pemex, con el fin de evitar aumentos dr\u00e1sticos y proteger el bolsillo de los consumidores.<\/strong><\/p>\n","protected":false},"excerpt":{"rendered":"<p>La presidenta de M\u00e9xico, Claudia Sheinbaum Pardo, alcanz\u00f3 un acuerdo con gasolineros para\u00a0reducir el precio del di\u00e9sel, con la meta de ubicarlo en 27 pesos por litro a partir de la pr\u00f3xima semana. Este convenio forma parte de la actualizaci\u00f3n del llamado\u00a0\u201cpacto voluntario\u201d\u00a0entre el gobierno federal y el sector energ\u00e9tico, en el que participan diversas [&hellip;]<\/p>\n","protected":false},"author":2,"featured_media":254255,"comment_status":"closed","ping_status":"closed","sticky":false,"template":"","format":"standard","meta":{"footnotes":""},"categories":[12870,172],"tags":[12865,12874],"class_list":["post-254254","post","type-post","status-publish","format-standard","has-post-thumbnail","hentry","category-destacadas","category-nacional","tag-destacadas","tag-nacional"],"jetpack_featured_media_url":"https:\/\/rnoticias.com.mx\/Portal\/wp-content\/uploads\/2026\/04\/Estacion-de-la-marca-Pemex.-Foto_-Cuartoscuro.jpg","amp_enabled":true,"_links":{"self":[{"href":"https:\/\/rnoticias.com.mx\/Portal\/wp-json\/wp\/v2\/posts\/254254","targetHints":{"allow":["GET"]}}],"collection":[{"href":"https:\/\/rnoticias.com.mx\/Portal\/wp-json\/wp\/v2\/posts"}],"about":[{"href":"https:\/\/rnoticias.com.mx\/Portal\/wp-json\/wp\/v2\/types\/post"}],"author":[{"embeddable":true,"href":"https:\/\/rnoticias.com.mx\/Portal\/wp-json\/wp\/v2\/users\/2"}],"replies":[{"embeddable":true,"href":"https:\/\/rnoticias.com.mx\/Portal\/wp-json\/wp\/v2\/comments?post=254254"}],"version-history":[{"count":1,"href":"https:\/\/rnoticias.com.mx\/Portal\/wp-json\/wp\/v2\/posts\/254254\/revisions"}],"predecessor-version":[{"id":254256,"href":"https:\/\/rnoticias.com.mx\/Portal\/wp-json\/wp\/v2\/posts\/254254\/revisions\/254256"}],"wp:featuredmedia":[{"embeddable":true,"href":"https:\/\/rnoticias.com.mx\/Portal\/wp-json\/wp\/v2\/media\/254255"}],"wp:attachment":[{"href":"https:\/\/rnoticias.com.mx\/Portal\/wp-json\/wp\/v2\/media?parent=254254"}],"wp:term":[{"taxonomy":"category","embeddable":true,"href":"https:\/\/rnoticias.com.mx\/Portal\/wp-json\/wp\/v2\/categories?post=254254"},{"taxonomy":"post_tag","embeddable":true,"href":"https:\/\/rnoticias.com.mx\/Portal\/wp-json\/wp\/v2\/tags?post=254254"}],"curies":[{"name":"wp","href":"https:\/\/api.w.org\/{rel}","templated":true}]}}