{"id":254251,"date":"2026-04-29T08:30:45","date_gmt":"2026-04-29T15:30:45","guid":{"rendered":"https:\/\/rnoticias.com.mx\/Portal\/?p=254251"},"modified":"2026-04-29T08:30:45","modified_gmt":"2026-04-29T15:30:45","slug":"mexico-ahora-apuesta-por-producir-mas-y-sustituir-importaciones-marcelo-ebrard","status":"publish","type":"post","link":"https:\/\/rnoticias.com.mx\/Portal\/2026\/04\/29\/mexico-ahora-apuesta-por-producir-mas-y-sustituir-importaciones-marcelo-ebrard\/","title":{"rendered":"M\u00e9xico ahora apuesta por producir m\u00e1s y sustituir importaciones: Marcelo Ebrard"},"content":{"rendered":"<p><strong>M\u00e9xico buscar\u00e1 producir m\u00e1s, importar menos y fortalecer su manufactura avanzada para aprovechar la relocalizaci\u00f3n de cadenas productivas en Norteam\u00e9rica, afirm\u00f3 este martes el secretario de Econom\u00eda, Marcelo Ebrard.<\/strong><\/p>\n<p>Durante una gira por la ciudad de Monterrey, capital del norte\u00f1o estado de Nuevo Le\u00f3n, el funcionario vincul\u00f3 la estrategia industrial del pa\u00eds con el objetivo de Estados Unidos de reducir su dependencia de Asia en sectores estrat\u00e9gicos, como semiconductores, farmac\u00e9utica, electr\u00f3nica, rob\u00f3tica y dispositivos m\u00e9dicos.<\/p>\n<p><strong>\u201cEl objetivo estrat\u00e9gico de nuestro pa\u00eds es ese, apoyar las empresas que est\u00e1n invirtiendo ac\u00e1, reducir las importaciones\u201d<\/strong>, dijo Ebrard durante un recorrido por el Centro Industrial de la acerera Ternium.<\/p>\n<p>El secretario asegur\u00f3 que M\u00e9xico ya registra\u00a0<strong>\u201cresultados importantes<\/strong>\u201d en la ca\u00edda de importaciones de productos que pueden fabricarse dentro del pa\u00eds.<\/p>\n<p>Ebrard sostuvo que inversiones como las de Ternium son estrat\u00e9gicas porque permitir\u00e1 reducir compras externas de acero y atender la demanda de industrias como la automotriz y, eventualmente, la aeron\u00e1utica.<\/p>\n<p><strong>\u201c\u00bfQu\u00e9 industria no necesita acero? Todas\u201d<\/strong>, expres\u00f3 el funcionario, quien a\u00f1adi\u00f3 que M\u00e9xico es actualmente el productor n\u00famero 12 del mundo y podr\u00eda avanzar al d\u00e9cimo lugar en el sector aeron\u00e1utico.<\/p>\n<p>Sus declaraciones se dan luego de que reconociera que el escenario comercial cambi\u00f3 y que M\u00e9xico no debe actuar con \u201cnostalgia\u201d frente a la etapa de cero aranceles.<\/p>\n<p>M\u00e1s tarde, en una reuni\u00f3n con autoridades de<strong>\u00a0Nuevo Le\u00f3n, incluido el gobernador Samuel Garc\u00eda, Ebrard plante\u00f3 que la revisi\u00f3n de la relaci\u00f3n comercial con EstadosUnidos abre una \u201cmuy grande oportunidad para M\u00e9xico\u201d,\u00a0<\/strong>en un contexto en el que Washington busca disminuir su dependencia de proveedores asi\u00e1ticos.<\/p>\n<p>El funcionario afirm\u00f3 que las conversaciones formales con el<strong>\u00a0Gobierno estadounidense iniciar\u00e1n el pr\u00f3ximo 26 de mayo y reconoci\u00f3 que ello no elimina los problemas comerciales, aunque consider\u00f3 que el escenario es m\u00e1s favorable que hace un a\u00f1o.<\/strong><\/p>\n<p>Seg\u00fan Ebrard, Estados Unidos enfrenta vulnerabilidades por depender de otros pa\u00edses en insumos clave, como ingredientes farmac\u00e9uticos, materiales estrat\u00e9gicos para medicamentos y componentes industriales.<\/p>\n<p><strong>\u201cSi t\u00fa como Estados Unidos tu objetivo estrat\u00e9gico y prioritario es reducir la dependencia de Asia (&#8230;) no puedes seguir siendo dependiente de un pa\u00eds o de dos pa\u00edses porque te puede paralizar tu econom\u00eda\u201d,<\/strong>\u00a0se\u00f1al\u00f3.<\/p>\n<p>El secretario agrup\u00f3 esta oportunidad bajo el concepto de\u00a0<strong>\u201cmanufactura avanzada\u201d<\/strong>, que incluye sectores como semiconductores, farmac\u00e9utica, dispositivos m\u00e9dicos, rob\u00f3tica y electr\u00f3nica, mismos mercados que, dijo, M\u00e9xico podr\u00eda captar, en un momento donde el fen\u00f3meno de la relocalizaci\u00f3n o \u201cnearshoring\u201d reaparece.<\/p>\n<p>Como parte de esa visi\u00f3n, Ebrard tambi\u00e9n defendi\u00f3 el relanzamiento de la marca<strong>\u00a0\u201cHecho en M\u00e9xico\u201d,<\/strong>\u00a0al sostener que el consumo de productos nacionales tiene impacto directo en el empleo.<\/p>\n<p><strong>\u201cCada vez que compras algo que no est\u00e1 Hecho aqu\u00ed (&#8230;) tambi\u00e9n tu empleo se empieza a desdibujar\u201d,\u00a0<\/strong>advirti\u00f3.<\/p>\n","protected":false},"excerpt":{"rendered":"<p>M\u00e9xico buscar\u00e1 producir m\u00e1s, importar menos y fortalecer su manufactura avanzada para aprovechar la relocalizaci\u00f3n de cadenas productivas en Norteam\u00e9rica, afirm\u00f3 este martes el secretario de Econom\u00eda, Marcelo Ebrard. Durante una gira por la ciudad de Monterrey, capital del norte\u00f1o estado de Nuevo Le\u00f3n, el funcionario vincul\u00f3 la estrategia industrial del pa\u00eds con el objetivo [&hellip;]<\/p>\n","protected":false},"author":2,"featured_media":254252,"comment_status":"closed","ping_status":"closed","sticky":false,"template":"","format":"standard","meta":{"footnotes":""},"categories":[12870,172],"tags":[12865,12874],"class_list":["post-254251","post","type-post","status-publish","format-standard","has-post-thumbnail","hentry","category-destacadas","category-nacional","tag-destacadas","tag-nacional"],"jetpack_featured_media_url":"https:\/\/rnoticias.com.mx\/Portal\/wp-content\/uploads\/2026\/04\/Ebrard-afirma-que-Mexico-busca-producir-mas-importar-menos-28042026-768x480-1.jpg","amp_enabled":true,"_links":{"self":[{"href":"https:\/\/rnoticias.com.mx\/Portal\/wp-json\/wp\/v2\/posts\/254251","targetHints":{"allow":["GET"]}}],"collection":[{"href":"https:\/\/rnoticias.com.mx\/Portal\/wp-json\/wp\/v2\/posts"}],"about":[{"href":"https:\/\/rnoticias.com.mx\/Portal\/wp-json\/wp\/v2\/types\/post"}],"author":[{"embeddable":true,"href":"https:\/\/rnoticias.com.mx\/Portal\/wp-json\/wp\/v2\/users\/2"}],"replies":[{"embeddable":true,"href":"https:\/\/rnoticias.com.mx\/Portal\/wp-json\/wp\/v2\/comments?post=254251"}],"version-history":[{"count":1,"href":"https:\/\/rnoticias.com.mx\/Portal\/wp-json\/wp\/v2\/posts\/254251\/revisions"}],"predecessor-version":[{"id":254253,"href":"https:\/\/rnoticias.com.mx\/Portal\/wp-json\/wp\/v2\/posts\/254251\/revisions\/254253"}],"wp:featuredmedia":[{"embeddable":true,"href":"https:\/\/rnoticias.com.mx\/Portal\/wp-json\/wp\/v2\/media\/254252"}],"wp:attachment":[{"href":"https:\/\/rnoticias.com.mx\/Portal\/wp-json\/wp\/v2\/media?parent=254251"}],"wp:term":[{"taxonomy":"category","embeddable":true,"href":"https:\/\/rnoticias.com.mx\/Portal\/wp-json\/wp\/v2\/categories?post=254251"},{"taxonomy":"post_tag","embeddable":true,"href":"https:\/\/rnoticias.com.mx\/Portal\/wp-json\/wp\/v2\/tags?post=254251"}],"curies":[{"name":"wp","href":"https:\/\/api.w.org\/{rel}","templated":true}]}}