{"id":254248,"date":"2026-04-29T08:27:25","date_gmt":"2026-04-29T15:27:25","guid":{"rendered":"https:\/\/rnoticias.com.mx\/Portal\/?p=254248"},"modified":"2026-04-29T08:27:25","modified_gmt":"2026-04-29T15:27:25","slug":"ignacio-mier-acusa-a-maru-campos-de-desacato-politico-por-no-acudir-al-senado","status":"publish","type":"post","link":"https:\/\/rnoticias.com.mx\/Portal\/2026\/04\/29\/ignacio-mier-acusa-a-maru-campos-de-desacato-politico-por-no-acudir-al-senado\/","title":{"rendered":"Ignacio Mier acusa a Maru Campos de &#8216;desacato pol\u00edtico&#8217; por no acudir al Senado"},"content":{"rendered":"<p>El coordinador de Morena en el Senado,\u00a0<strong>Ignacio Mier Velazco<\/strong>, calific\u00f3 como un\u00a0<strong>&#8216;desacato pol\u00edtico&#8217;\u00a0<\/strong>la decisi\u00f3n de la gobernadora de Chihuahua, Maru Campos, de no acudir a la invitaci\u00f3n de la Senado de la Rep\u00fablica para explicar un operativo en el que participaron agentes estadounidenses en la entidad.<\/p>\n<p>El<strong>\u00a0legislador subray\u00f3 que la ausencia de la mandataria estatal representa una falta en el \u00e1mbito pol\u00edtico<\/strong>, aunque aclar\u00f3 que no implica consecuencias jur\u00eddicas.<\/p>\n<p>Mier Velazco explic\u00f3 que la convocatoria del Senado se enmarca en las facultades de control legislativo,\u00a0<strong>particularmente en temas de seguridad y relaciones exteriores, donde la C\u00e1mara Alta tiene atribuciones espec\u00edficas. En ese sentido, sostuvo que la actuaci\u00f3n del Gobierno de Chihuahua pudo haber vulnerado el marco constitucional.<\/strong><\/p>\n<p><strong>&#8216;El no atender la reuni\u00f3n significa no respetar la divisi\u00f3n de poderes ni el marco jur\u00eddico que establece la Constituci\u00f3n&#8217;<\/strong>, afirm\u00f3 el senador, quien tambi\u00e9n se\u00f1al\u00f3 que se habr\u00eda invadido una facultad exclusiva del Ejecutivo federal en materia de pol\u00edtica exterior.<\/p>\n<p>Asimismo, indic\u00f3 que el Senado cuenta con facultades constitucionales<strong>\u00a0-establecidas en el art\u00edculo 76- para citar a cualquier servidor p\u00fablico, incluidos gobernadores, con el fin de rendir cuentas en temas de inter\u00e9s nacional.<\/strong><\/p>\n<p>Finalmente, el senador reiter\u00f3 que no se busca vulnerar el federalismo ni la autonom\u00eda de Chihuahua,\u00a0<strong>sino ejercer las funciones de control legislativo ante un caso que, dijo, podr\u00eda implicar una actuaci\u00f3n fuera del marco constitucional.<\/strong><\/p>\n","protected":false},"excerpt":{"rendered":"<p>El coordinador de Morena en el Senado,\u00a0Ignacio Mier Velazco, calific\u00f3 como un\u00a0&#8216;desacato pol\u00edtico&#8217;\u00a0la decisi\u00f3n de la gobernadora de Chihuahua, Maru Campos, de no acudir a la invitaci\u00f3n de la Senado de la Rep\u00fablica para explicar un operativo en el que participaron agentes estadounidenses en la entidad. El\u00a0legislador subray\u00f3 que la ausencia de la mandataria estatal [&hellip;]<\/p>\n","protected":false},"author":2,"featured_media":254249,"comment_status":"closed","ping_status":"closed","sticky":false,"template":"","format":"standard","meta":{"footnotes":""},"categories":[12870,12868],"tags":[12865,12879],"class_list":["post-254248","post","type-post","status-publish","format-standard","has-post-thumbnail","hentry","category-destacadas","category-politica","tag-destacadas","tag-politica"],"jetpack_featured_media_url":"https:\/\/rnoticias.com.mx\/Portal\/wp-content\/uploads\/2026\/04\/ignacio-mier-maru-campos-chihuahua.jpg","amp_enabled":true,"_links":{"self":[{"href":"https:\/\/rnoticias.com.mx\/Portal\/wp-json\/wp\/v2\/posts\/254248","targetHints":{"allow":["GET"]}}],"collection":[{"href":"https:\/\/rnoticias.com.mx\/Portal\/wp-json\/wp\/v2\/posts"}],"about":[{"href":"https:\/\/rnoticias.com.mx\/Portal\/wp-json\/wp\/v2\/types\/post"}],"author":[{"embeddable":true,"href":"https:\/\/rnoticias.com.mx\/Portal\/wp-json\/wp\/v2\/users\/2"}],"replies":[{"embeddable":true,"href":"https:\/\/rnoticias.com.mx\/Portal\/wp-json\/wp\/v2\/comments?post=254248"}],"version-history":[{"count":1,"href":"https:\/\/rnoticias.com.mx\/Portal\/wp-json\/wp\/v2\/posts\/254248\/revisions"}],"predecessor-version":[{"id":254250,"href":"https:\/\/rnoticias.com.mx\/Portal\/wp-json\/wp\/v2\/posts\/254248\/revisions\/254250"}],"wp:featuredmedia":[{"embeddable":true,"href":"https:\/\/rnoticias.com.mx\/Portal\/wp-json\/wp\/v2\/media\/254249"}],"wp:attachment":[{"href":"https:\/\/rnoticias.com.mx\/Portal\/wp-json\/wp\/v2\/media?parent=254248"}],"wp:term":[{"taxonomy":"category","embeddable":true,"href":"https:\/\/rnoticias.com.mx\/Portal\/wp-json\/wp\/v2\/categories?post=254248"},{"taxonomy":"post_tag","embeddable":true,"href":"https:\/\/rnoticias.com.mx\/Portal\/wp-json\/wp\/v2\/tags?post=254248"}],"curies":[{"name":"wp","href":"https:\/\/api.w.org\/{rel}","templated":true}]}}