{"id":254237,"date":"2026-04-28T21:29:05","date_gmt":"2026-04-29T04:29:05","guid":{"rendered":"https:\/\/rnoticias.com.mx\/Portal\/?p=254237"},"modified":"2026-04-28T21:29:05","modified_gmt":"2026-04-29T04:29:05","slug":"gobierno-de-sonora-presente-en-inicio-del-tianguis-turistico-2026","status":"publish","type":"post","link":"https:\/\/rnoticias.com.mx\/Portal\/2026\/04\/28\/gobierno-de-sonora-presente-en-inicio-del-tianguis-turistico-2026\/","title":{"rendered":"Gobierno de Sonora presente en inicio del Tianguis Tur\u00edstico 2026"},"content":{"rendered":"<p>Acapulco, Guerrero; 28 de abril de 2026.- El Gobierno de Sonora, a trav\u00e9s de la Secretar\u00eda de Econom\u00eda y Turismo (SETUR), tuvo una destacada participaci\u00f3n en el inicio del Tianguis Tur\u00edstico 2026, en su edici\u00f3n 50, el encuentro tur\u00edstico m\u00e1s importante del sector a nivel nacional e internacional.<\/p>\n<p>El apoyo y compromiso del gobernador Alfonso Durazo han logrado posicionar a Sonora como un destino competitivo, fuerte y atractivo ante mercados de pa\u00edses como Jap\u00f3n, Honduras, Costa Rica, Colombia, El Salvador, Nicaragua, Belice y Cuba, impulsando la proyecci\u00f3n del estado a mercados globales.<\/p>\n<p>El evento, presidido por la secretaria de Turismo del Gobierno de M\u00e9xico, Josefina Rodr\u00edguez Zamora, reuni\u00f3 a la secretaria de Gobernaci\u00f3n, Rosa Icela Rodr\u00edguez, y a la gobernadora de Guerrero, Evelyn Salgado Pineda, as\u00ed como a autoridades federales, estatales y municipales, representantes de la industria tur\u00edstica, inversionistas y p\u00fablico en general.<\/p>\n<p>Durante el primer d\u00eda de actividades, el secretario de Econom\u00eda y Turismo, Roberto Gradillas Pineda, se\u00f1al\u00f3 que la participaci\u00f3n de Sonora en este importante escaparate responde a una estrategia integral para fortalecer la competitividad tur\u00edstica, atraer inversiones y promover el desarrollo regional.<\/p>\n<p>\u201cLa instrucci\u00f3n del gobernador Alfonso Durazo es posicionar a Sonora a nivel internacional, destacando sus maravillas naturales, vestigios hist\u00f3ricos, riqueza gastron\u00f3mica y legado cultural. Gracias a su visi\u00f3n y al trabajo en equipo, hoy el estado vive un momento extraordinario en materia tur\u00edstica; hoy, Sonora est\u00e1 de moda\u201d, destac\u00f3.<\/p>\n<p>Con estas acciones, el Gobierno de Sonora, a trav\u00e9s de la SETUR, reafirma su compromiso de consolidarse como un referente, aprovechando espacios estrat\u00e9gicos como el Tianguis Tur\u00edstico para impulsar su crecimiento econ\u00f3mico y el de sus familias.<\/p>\n","protected":false},"excerpt":{"rendered":"<p>Acapulco, Guerrero; 28 de abril de 2026.- El Gobierno de Sonora, a trav\u00e9s de la Secretar\u00eda de Econom\u00eda y Turismo (SETUR), tuvo una destacada participaci\u00f3n en el inicio del Tianguis Tur\u00edstico 2026, en su edici\u00f3n 50, el encuentro tur\u00edstico m\u00e1s importante del sector a nivel nacional e internacional. El apoyo y compromiso del gobernador Alfonso [&hellip;]<\/p>\n","protected":false},"author":2,"featured_media":254238,"comment_status":"closed","ping_status":"closed","sticky":false,"template":"","format":"standard","meta":{"footnotes":""},"categories":[178],"tags":[12869],"class_list":["post-254237","post","type-post","status-publish","format-standard","has-post-thumbnail","hentry","category-local","tag-local"],"jetpack_featured_media_url":"https:\/\/rnoticias.com.mx\/Portal\/wp-content\/uploads\/2026\/04\/unnamed-3-20.jpg","amp_enabled":true,"_links":{"self":[{"href":"https:\/\/rnoticias.com.mx\/Portal\/wp-json\/wp\/v2\/posts\/254237","targetHints":{"allow":["GET"]}}],"collection":[{"href":"https:\/\/rnoticias.com.mx\/Portal\/wp-json\/wp\/v2\/posts"}],"about":[{"href":"https:\/\/rnoticias.com.mx\/Portal\/wp-json\/wp\/v2\/types\/post"}],"author":[{"embeddable":true,"href":"https:\/\/rnoticias.com.mx\/Portal\/wp-json\/wp\/v2\/users\/2"}],"replies":[{"embeddable":true,"href":"https:\/\/rnoticias.com.mx\/Portal\/wp-json\/wp\/v2\/comments?post=254237"}],"version-history":[{"count":1,"href":"https:\/\/rnoticias.com.mx\/Portal\/wp-json\/wp\/v2\/posts\/254237\/revisions"}],"predecessor-version":[{"id":254239,"href":"https:\/\/rnoticias.com.mx\/Portal\/wp-json\/wp\/v2\/posts\/254237\/revisions\/254239"}],"wp:featuredmedia":[{"embeddable":true,"href":"https:\/\/rnoticias.com.mx\/Portal\/wp-json\/wp\/v2\/media\/254238"}],"wp:attachment":[{"href":"https:\/\/rnoticias.com.mx\/Portal\/wp-json\/wp\/v2\/media?parent=254237"}],"wp:term":[{"taxonomy":"category","embeddable":true,"href":"https:\/\/rnoticias.com.mx\/Portal\/wp-json\/wp\/v2\/categories?post=254237"},{"taxonomy":"post_tag","embeddable":true,"href":"https:\/\/rnoticias.com.mx\/Portal\/wp-json\/wp\/v2\/tags?post=254237"}],"curies":[{"name":"wp","href":"https:\/\/api.w.org\/{rel}","templated":true}]}}