{"id":254234,"date":"2026-04-28T21:27:17","date_gmt":"2026-04-29T04:27:17","guid":{"rendered":"https:\/\/rnoticias.com.mx\/Portal\/?p=254234"},"modified":"2026-04-28T21:27:17","modified_gmt":"2026-04-29T04:27:17","slug":"gobierno-de-sonora-fortalece-la-formacion-profesional-de-jovenes-con-convenio-entre-cedes-y-la-uth","status":"publish","type":"post","link":"https:\/\/rnoticias.com.mx\/Portal\/2026\/04\/28\/gobierno-de-sonora-fortalece-la-formacion-profesional-de-jovenes-con-convenio-entre-cedes-y-la-uth\/","title":{"rendered":"Gobierno de Sonora fortalece la formaci\u00f3n profesional de j\u00f3venes con convenio entre CEDES y la UTH"},"content":{"rendered":"<p align=\"left\">Hermosillo, Sonora; 28 de abril de 2026.- Con el objetivo de fortalecer la formaci\u00f3n acad\u00e9mica y profesional de las y los j\u00f3venes sonorenses, el Gobierno de Sonora, a trav\u00e9s de la Comisi\u00f3n de Ecolog\u00eda y Desarrollo Sustentable del Estado de Sonora (CEDES), firm\u00f3 un convenio de colaboraci\u00f3n con la Universidad Tecnol\u00f3gica de Hermosillo (UTH).<\/p>\n<p align=\"left\">Este acuerdo permitir\u00e1 la apertura de espacios dentro de las distintas \u00e1reas de CEDES para que estudiantes de la UTH realicen sus estad\u00edas profesionales, enfocadas principalmente en temas relacionados con el medio ambiente, la conservaci\u00f3n de los recursos naturales y el desarrollo sustentable.<\/p>\n<p align=\"left\">El convenio fue firmado por el comisionado ejecutivo de CEDES, Carlos Ernesto Zatarain Gonz\u00e1lez, y el rector de la Universidad Tecnol\u00f3gica de Hermosillo, Dr. Abel Leyva Castellanos, quienes coincidieron en la importancia de impulsar la vinculaci\u00f3n entre instituciones para generar mayores oportunidades de desarrollo para las y los estudiantes.<\/p>\n<p align=\"left\">Durante la firma, autoridades de ambas instituciones destacaron la relevancia de fortalecer el trabajo conjunto que contribuya tanto a la formaci\u00f3n acad\u00e9mica como al desarrollo de proyectos en beneficio del medio ambiente en Sonora.<\/p>\n<p align=\"left\">Asimismo, se subray\u00f3 que este tipo de alianzas permite a las y los estudiantes adquirir experiencia pr\u00e1ctica en escenarios reales, lo que enriquece su formaci\u00f3n acad\u00e9mica y los prepara para enfrentar los retos actuales en materia de sustentabilidad.<\/p>\n<p align=\"left\">Con estas acciones, el Gobierno de Sonora refrenda su compromiso de impulsar la educaci\u00f3n, la vinculaci\u00f3n interinstitucional y la formaci\u00f3n de profesionales comprometidos con el cuidado del medio ambiente y el desarrollo sostenible del estado.<\/p>\n","protected":false},"excerpt":{"rendered":"<p>Hermosillo, Sonora; 28 de abril de 2026.- Con el objetivo de fortalecer la formaci\u00f3n acad\u00e9mica y profesional de las y los j\u00f3venes sonorenses, el Gobierno de Sonora, a trav\u00e9s de la Comisi\u00f3n de Ecolog\u00eda y Desarrollo Sustentable del Estado de Sonora (CEDES), firm\u00f3 un convenio de colaboraci\u00f3n con la Universidad Tecnol\u00f3gica de Hermosillo (UTH). Este [&hellip;]<\/p>\n","protected":false},"author":2,"featured_media":254235,"comment_status":"closed","ping_status":"closed","sticky":false,"template":"","format":"standard","meta":{"footnotes":""},"categories":[178],"tags":[12869],"class_list":["post-254234","post","type-post","status-publish","format-standard","has-post-thumbnail","hentry","category-local","tag-local"],"jetpack_featured_media_url":"https:\/\/rnoticias.com.mx\/Portal\/wp-content\/uploads\/2026\/04\/unnamed-2-31.jpg","amp_enabled":true,"_links":{"self":[{"href":"https:\/\/rnoticias.com.mx\/Portal\/wp-json\/wp\/v2\/posts\/254234","targetHints":{"allow":["GET"]}}],"collection":[{"href":"https:\/\/rnoticias.com.mx\/Portal\/wp-json\/wp\/v2\/posts"}],"about":[{"href":"https:\/\/rnoticias.com.mx\/Portal\/wp-json\/wp\/v2\/types\/post"}],"author":[{"embeddable":true,"href":"https:\/\/rnoticias.com.mx\/Portal\/wp-json\/wp\/v2\/users\/2"}],"replies":[{"embeddable":true,"href":"https:\/\/rnoticias.com.mx\/Portal\/wp-json\/wp\/v2\/comments?post=254234"}],"version-history":[{"count":1,"href":"https:\/\/rnoticias.com.mx\/Portal\/wp-json\/wp\/v2\/posts\/254234\/revisions"}],"predecessor-version":[{"id":254236,"href":"https:\/\/rnoticias.com.mx\/Portal\/wp-json\/wp\/v2\/posts\/254234\/revisions\/254236"}],"wp:featuredmedia":[{"embeddable":true,"href":"https:\/\/rnoticias.com.mx\/Portal\/wp-json\/wp\/v2\/media\/254235"}],"wp:attachment":[{"href":"https:\/\/rnoticias.com.mx\/Portal\/wp-json\/wp\/v2\/media?parent=254234"}],"wp:term":[{"taxonomy":"category","embeddable":true,"href":"https:\/\/rnoticias.com.mx\/Portal\/wp-json\/wp\/v2\/categories?post=254234"},{"taxonomy":"post_tag","embeddable":true,"href":"https:\/\/rnoticias.com.mx\/Portal\/wp-json\/wp\/v2\/tags?post=254234"}],"curies":[{"name":"wp","href":"https:\/\/api.w.org\/{rel}","templated":true}]}}