{"id":254231,"date":"2026-04-28T21:26:32","date_gmt":"2026-04-29T04:26:32","guid":{"rendered":"https:\/\/rnoticias.com.mx\/Portal\/?p=254231"},"modified":"2026-04-28T21:26:32","modified_gmt":"2026-04-29T04:26:32","slug":"arranca-el-gobierno-de-sonora-la-semana-nacional-de-vacunacion-vacunar-es-amar","status":"publish","type":"post","link":"https:\/\/rnoticias.com.mx\/Portal\/2026\/04\/28\/arranca-el-gobierno-de-sonora-la-semana-nacional-de-vacunacion-vacunar-es-amar\/","title":{"rendered":"Arranca el Gobierno de Sonora la Semana Nacional de Vacunaci\u00f3n \u201cVacunar es Amar\u201d"},"content":{"rendered":"<p align=\"left\">Hermosillo, Sonora; 28 de abril de 2026.- Con el objetivo de completar el esquema b\u00e1sico de vacunaci\u00f3n en ni\u00f1as, ni\u00f1os, adolescentes y personas adultas j\u00f3venes, el Gobierno de Sonora, a trav\u00e9s de la Secretar\u00eda de Salud P\u00fablica (SSP), informa que del 25 de abril al 2 de mayo se lleva a cabo la Semana Nacional de Vacunaci\u00f3n bajo el lema \u201cVacunar es Amar\u201d.<\/p>\n<p align=\"left\">El secretario de Salud, Jos\u00e9 Luis Alom\u00eda Zegarra, inform\u00f3 que durante este periodo se refuerzan las acciones de promoci\u00f3n para recordar a la poblaci\u00f3n que las vacunas est\u00e1n disponibles de manera permanente y son clave para prevenir enfermedades.<\/p>\n<p align=\"left\">\u201cLas semanas nacionales de vacunaci\u00f3n son espacios donde intensificamos y fortalecemos la promoci\u00f3n para que la poblaci\u00f3n sepa que las vacunas est\u00e1n disponibles en todo momento y as\u00ed prevenir enfermedades\u201d, se\u00f1al\u00f3.<\/p>\n<p align=\"left\">Las vacunas son completamente gratuitas y est\u00e1n disponibles en todo el sector salud. Se pueden aplicar en unidades m\u00e9dicas, as\u00ed como en jornadas comunitarias instaladas en parques, escuelas y otros espacios p\u00fablicos.<\/p>\n<p align=\"left\">No es necesario contar con derechohabiencia para recibirlas, pues cualquier persona puede acudir cualquier d\u00eda de la semana a solicitar la vacuna correspondiente.<\/p>\n","protected":false},"excerpt":{"rendered":"<p>Hermosillo, Sonora; 28 de abril de 2026.- Con el objetivo de completar el esquema b\u00e1sico de vacunaci\u00f3n en ni\u00f1as, ni\u00f1os, adolescentes y personas adultas j\u00f3venes, el Gobierno de Sonora, a trav\u00e9s de la Secretar\u00eda de Salud P\u00fablica (SSP), informa que del 25 de abril al 2 de mayo se lleva a cabo la Semana Nacional [&hellip;]<\/p>\n","protected":false},"author":2,"featured_media":254232,"comment_status":"closed","ping_status":"closed","sticky":false,"template":"","format":"standard","meta":{"footnotes":""},"categories":[12870,178],"tags":[12865,12869],"class_list":["post-254231","post","type-post","status-publish","format-standard","has-post-thumbnail","hentry","category-destacadas","category-local","tag-destacadas","tag-local"],"jetpack_featured_media_url":"https:\/\/rnoticias.com.mx\/Portal\/wp-content\/uploads\/2026\/04\/unnamed-1-46.jpg","amp_enabled":true,"_links":{"self":[{"href":"https:\/\/rnoticias.com.mx\/Portal\/wp-json\/wp\/v2\/posts\/254231","targetHints":{"allow":["GET"]}}],"collection":[{"href":"https:\/\/rnoticias.com.mx\/Portal\/wp-json\/wp\/v2\/posts"}],"about":[{"href":"https:\/\/rnoticias.com.mx\/Portal\/wp-json\/wp\/v2\/types\/post"}],"author":[{"embeddable":true,"href":"https:\/\/rnoticias.com.mx\/Portal\/wp-json\/wp\/v2\/users\/2"}],"replies":[{"embeddable":true,"href":"https:\/\/rnoticias.com.mx\/Portal\/wp-json\/wp\/v2\/comments?post=254231"}],"version-history":[{"count":1,"href":"https:\/\/rnoticias.com.mx\/Portal\/wp-json\/wp\/v2\/posts\/254231\/revisions"}],"predecessor-version":[{"id":254233,"href":"https:\/\/rnoticias.com.mx\/Portal\/wp-json\/wp\/v2\/posts\/254231\/revisions\/254233"}],"wp:featuredmedia":[{"embeddable":true,"href":"https:\/\/rnoticias.com.mx\/Portal\/wp-json\/wp\/v2\/media\/254232"}],"wp:attachment":[{"href":"https:\/\/rnoticias.com.mx\/Portal\/wp-json\/wp\/v2\/media?parent=254231"}],"wp:term":[{"taxonomy":"category","embeddable":true,"href":"https:\/\/rnoticias.com.mx\/Portal\/wp-json\/wp\/v2\/categories?post=254231"},{"taxonomy":"post_tag","embeddable":true,"href":"https:\/\/rnoticias.com.mx\/Portal\/wp-json\/wp\/v2\/tags?post=254231"}],"curies":[{"name":"wp","href":"https:\/\/api.w.org\/{rel}","templated":true}]}}