{"id":254228,"date":"2026-04-28T21:21:01","date_gmt":"2026-04-29T04:21:01","guid":{"rendered":"https:\/\/rnoticias.com.mx\/Portal\/?p=254228"},"modified":"2026-04-28T21:21:01","modified_gmt":"2026-04-29T04:21:01","slug":"brindara-ayuntamiento-de-hermosillo-servicio-normal-de-recoleccion-de-basura-el-viernes-1-y-martes-5-de-mayo","status":"publish","type":"post","link":"https:\/\/rnoticias.com.mx\/Portal\/2026\/04\/28\/brindara-ayuntamiento-de-hermosillo-servicio-normal-de-recoleccion-de-basura-el-viernes-1-y-martes-5-de-mayo\/","title":{"rendered":"Brindar\u00e1 Ayuntamiento de Hermosillo servicio normal de recolecci\u00f3n de basura el viernes 1 y martes 5 de mayo"},"content":{"rendered":"<p><b data-olk-copy-source=\"MessageBody\">Hermosillo, Sonora; 28 de abril de 2026.-<\/b>\u00a0Las familias hermosillenses que cuentan con servicio de recolecci\u00f3n de basura los d\u00edas viernes y martes podr\u00e1n sacar sus residuos dom\u00e9sticos de manera habitual el pr\u00f3ximo 1 y 5 de mayo, ya que las rutas operar\u00e1n con normalidad, inform\u00f3 Sergio Pavlovich Escalante, director de Servicios P\u00fablicos Municipales.<\/p>\n<p>El director de la dependencia del Ayuntamiento de Hermosillo explic\u00f3 que, aunque ambas fechas son consideradas inh\u00e1biles, las unidades recolectoras recorrer\u00e1n las colonias programadas sin modificaciones, con el objetivo de mantener limpio el entorno y evitar acumulaci\u00f3n de desechos en los hogares.<\/p>\n<p>Adem\u00e1s, a trav\u00e9s de la aplicaci\u00f3n Recolector H que pueden descargar gratuitamente desde sus dispositivos m\u00f3viles podr\u00e1n consultar rutas diarias, horarios aproximados de paso de las unidades, seguimiento en tiempo real y avisos de proximidad de los camiones recolectores.<\/p>\n<p>El Gobierno Municipal mantiene acciones permanentes para garantizar servicios p\u00fablicos eficientes y fortalecer la limpieza de la ciudad e invita a hermosillenses a colaborar manteniendo en orden sus residuos y utilizando las herramientas digitales disponibles para una mejor organizaci\u00f3n del servicio.<\/p>\n<p>&nbsp;<\/p>\n<p>&#8212;<\/p>\n","protected":false},"excerpt":{"rendered":"<p>Hermosillo, Sonora; 28 de abril de 2026.-\u00a0Las familias hermosillenses que cuentan con servicio de recolecci\u00f3n de basura los d\u00edas viernes y martes podr\u00e1n sacar sus residuos dom\u00e9sticos de manera habitual el pr\u00f3ximo 1 y 5 de mayo, ya que las rutas operar\u00e1n con normalidad, inform\u00f3 Sergio Pavlovich Escalante, director de Servicios P\u00fablicos Municipales. El director [&hellip;]<\/p>\n","protected":false},"author":2,"featured_media":254229,"comment_status":"closed","ping_status":"closed","sticky":false,"template":"","format":"standard","meta":{"footnotes":""},"categories":[12870,178],"tags":[12865,12869],"class_list":["post-254228","post","type-post","status-publish","format-standard","has-post-thumbnail","hentry","category-destacadas","category-local","tag-destacadas","tag-local"],"jetpack_featured_media_url":"https:\/\/rnoticias.com.mx\/Portal\/wp-content\/uploads\/2026\/04\/2-2-2-scaled.jpeg","amp_enabled":true,"_links":{"self":[{"href":"https:\/\/rnoticias.com.mx\/Portal\/wp-json\/wp\/v2\/posts\/254228","targetHints":{"allow":["GET"]}}],"collection":[{"href":"https:\/\/rnoticias.com.mx\/Portal\/wp-json\/wp\/v2\/posts"}],"about":[{"href":"https:\/\/rnoticias.com.mx\/Portal\/wp-json\/wp\/v2\/types\/post"}],"author":[{"embeddable":true,"href":"https:\/\/rnoticias.com.mx\/Portal\/wp-json\/wp\/v2\/users\/2"}],"replies":[{"embeddable":true,"href":"https:\/\/rnoticias.com.mx\/Portal\/wp-json\/wp\/v2\/comments?post=254228"}],"version-history":[{"count":1,"href":"https:\/\/rnoticias.com.mx\/Portal\/wp-json\/wp\/v2\/posts\/254228\/revisions"}],"predecessor-version":[{"id":254230,"href":"https:\/\/rnoticias.com.mx\/Portal\/wp-json\/wp\/v2\/posts\/254228\/revisions\/254230"}],"wp:featuredmedia":[{"embeddable":true,"href":"https:\/\/rnoticias.com.mx\/Portal\/wp-json\/wp\/v2\/media\/254229"}],"wp:attachment":[{"href":"https:\/\/rnoticias.com.mx\/Portal\/wp-json\/wp\/v2\/media?parent=254228"}],"wp:term":[{"taxonomy":"category","embeddable":true,"href":"https:\/\/rnoticias.com.mx\/Portal\/wp-json\/wp\/v2\/categories?post=254228"},{"taxonomy":"post_tag","embeddable":true,"href":"https:\/\/rnoticias.com.mx\/Portal\/wp-json\/wp\/v2\/tags?post=254228"}],"curies":[{"name":"wp","href":"https:\/\/api.w.org\/{rel}","templated":true}]}}