{"id":254225,"date":"2026-04-28T21:19:48","date_gmt":"2026-04-29T04:19:48","guid":{"rendered":"https:\/\/rnoticias.com.mx\/Portal\/?p=254225"},"modified":"2026-04-28T21:19:48","modified_gmt":"2026-04-29T04:19:48","slug":"gobierno-de-sonora-promueve-alianzas-estrategicas-en-beneficio-de-la-educacion-de-los-jovenes-cecyte","status":"publish","type":"post","link":"https:\/\/rnoticias.com.mx\/Portal\/2026\/04\/28\/gobierno-de-sonora-promueve-alianzas-estrategicas-en-beneficio-de-la-educacion-de-los-jovenes-cecyte\/","title":{"rendered":"Gobierno de Sonora promueve alianzas estrat\u00e9gicas en beneficio de la educaci\u00f3n de los j\u00f3venes: Cecyte"},"content":{"rendered":"<p>Hermosillo, Sonora; 28 de abril de 2026.- El Colegio de Estudios Cient\u00edficos y Tecnol\u00f3gicos del Estado de Sonora (Cecyte) formaliz\u00f3 un convenio de colaboraci\u00f3n con la Universidad Kino, con el objetivo de beneficiar a las y los estudiantes pr\u00f3ximos a egresar del subsistema, a trav\u00e9s del programa BecArte.<\/p>\n<p>Se trata de una iniciativa de alto valor social y educativo que busca fortalecer la vinculaci\u00f3n entre la educaci\u00f3n media superior y superior, brindando apoyo a j\u00f3venes con aptitudes art\u00edsticas mediante oportunidades que combinan el arte y la formaci\u00f3n acad\u00e9mica para su desarrollo integral.<\/p>\n<p>La directora general de Cecyte Sonora, Blanca Aurelia Valenzuela, destac\u00f3 que este tipo de alianzas contribuyen a fortalecer la pertinencia social de la educaci\u00f3n, al generar espacios que impulsan la creatividad y el desarrollo de habilidades en las y los estudiantes.<\/p>\n<p>Por su parte, el rector de la Universidad Kino, Julio C\u00e9sar Mendoza Urrea, invit\u00f3 a las y los pr\u00f3ximos egresados a integrarse a esta instituci\u00f3n, donde podr\u00e1n acceder a becas del 40, 50 por ciento o m\u00e1s, al incorporarse en alguna de las \u00e1reas art\u00edsticas de Uni Kino.<\/p>\n<p>Con esta colaboraci\u00f3n, Cecyte reafirma el compromiso del Gobierno de Sonora y de la Secretar\u00eda de Educaci\u00f3n y Cultura (SEC) de ampliar las oportunidades para la juventud y fortalecer su acceso a la educaci\u00f3n superior.<\/p>\n","protected":false},"excerpt":{"rendered":"<p>Hermosillo, Sonora; 28 de abril de 2026.- El Colegio de Estudios Cient\u00edficos y Tecnol\u00f3gicos del Estado de Sonora (Cecyte) formaliz\u00f3 un convenio de colaboraci\u00f3n con la Universidad Kino, con el objetivo de beneficiar a las y los estudiantes pr\u00f3ximos a egresar del subsistema, a trav\u00e9s del programa BecArte. Se trata de una iniciativa de alto [&hellip;]<\/p>\n","protected":false},"author":2,"featured_media":254226,"comment_status":"closed","ping_status":"closed","sticky":false,"template":"","format":"standard","meta":{"footnotes":""},"categories":[178],"tags":[12869],"class_list":["post-254225","post","type-post","status-publish","format-standard","has-post-thumbnail","hentry","category-local","tag-local"],"jetpack_featured_media_url":"https:\/\/rnoticias.com.mx\/Portal\/wp-content\/uploads\/2026\/04\/unnamed-3-19.jpg","amp_enabled":true,"_links":{"self":[{"href":"https:\/\/rnoticias.com.mx\/Portal\/wp-json\/wp\/v2\/posts\/254225","targetHints":{"allow":["GET"]}}],"collection":[{"href":"https:\/\/rnoticias.com.mx\/Portal\/wp-json\/wp\/v2\/posts"}],"about":[{"href":"https:\/\/rnoticias.com.mx\/Portal\/wp-json\/wp\/v2\/types\/post"}],"author":[{"embeddable":true,"href":"https:\/\/rnoticias.com.mx\/Portal\/wp-json\/wp\/v2\/users\/2"}],"replies":[{"embeddable":true,"href":"https:\/\/rnoticias.com.mx\/Portal\/wp-json\/wp\/v2\/comments?post=254225"}],"version-history":[{"count":1,"href":"https:\/\/rnoticias.com.mx\/Portal\/wp-json\/wp\/v2\/posts\/254225\/revisions"}],"predecessor-version":[{"id":254227,"href":"https:\/\/rnoticias.com.mx\/Portal\/wp-json\/wp\/v2\/posts\/254225\/revisions\/254227"}],"wp:featuredmedia":[{"embeddable":true,"href":"https:\/\/rnoticias.com.mx\/Portal\/wp-json\/wp\/v2\/media\/254226"}],"wp:attachment":[{"href":"https:\/\/rnoticias.com.mx\/Portal\/wp-json\/wp\/v2\/media?parent=254225"}],"wp:term":[{"taxonomy":"category","embeddable":true,"href":"https:\/\/rnoticias.com.mx\/Portal\/wp-json\/wp\/v2\/categories?post=254225"},{"taxonomy":"post_tag","embeddable":true,"href":"https:\/\/rnoticias.com.mx\/Portal\/wp-json\/wp\/v2\/tags?post=254225"}],"curies":[{"name":"wp","href":"https:\/\/api.w.org\/{rel}","templated":true}]}}