{"id":254222,"date":"2026-04-28T21:18:53","date_gmt":"2026-04-29T04:18:53","guid":{"rendered":"https:\/\/rnoticias.com.mx\/Portal\/?p=254222"},"modified":"2026-04-28T21:18:53","modified_gmt":"2026-04-29T04:18:53","slug":"estudiantes-de-cobach-sonora-van-con-todo-a-la-final-por-la-excelencia-academica-y-cultural","status":"publish","type":"post","link":"https:\/\/rnoticias.com.mx\/Portal\/2026\/04\/28\/estudiantes-de-cobach-sonora-van-con-todo-a-la-final-por-la-excelencia-academica-y-cultural\/","title":{"rendered":"Estudiantes de Cobach Sonora van con todo a la final por la excelencia acad\u00e9mica y cultural"},"content":{"rendered":"<p>Hermosillo, Sonora; 28 de abril de 2026.- El Colegio de Bachilleres del Estado de Sonora (Cobach) llev\u00f3 a cabo la etapa zona del Concurso Estatal Acad\u00e9mico y Cultural (CEAC), con la participaci\u00f3n de estudiantes destacados en diversas disciplinas acad\u00e9micas y culturales.<\/p>\n<p>Las actividades se desarrollaron en los planteles \u00c1lamos, Lic. Alberto Flores Urbina (Cajeme), Profesor Ernesto L\u00f3pez Riesgo (Hermosillo), Nogales y Caborca, donde se cont\u00f3 con la participaci\u00f3n de mil 170 estudiantes, quienes demostraron su talento, preparaci\u00f3n y compromiso en cada una de las \u00e1reas del conocimiento y expresi\u00f3n art\u00edstica.<\/p>\n<p>Al respecto, el director general de Cobach, Rodrigo Arturo Rosas Burgos, expres\u00f3: \u201cEsta etapa del concurso es especialmente significativa, pues comienzan a perfilarse quienes avanzar\u00e1n a la gran final. Como instituci\u00f3n, acompa\u00f1amos a nuestras y nuestros estudiantes en este proceso, reconociendo su esfuerzo y la satisfacci\u00f3n de verlos alcanzar sus objetivos\u201d.<\/p>\n<p>Como resultado de esta etapa, 584 estudiantes obtuvieron su pase a la gran final estatal, la cual se llevar\u00e1 a cabo el pr\u00f3ximo 26 de mayo en Hermosillo, en las instalaciones del plantel Villa de Seris y el Teatro Auditorio del Cobach.<\/p>\n<p>Llevar a cabo el concurso en sus distintas etapas requiere la coordinaci\u00f3n de recursos humanos, acad\u00e9micos, log\u00edsticos y operativos en cada sede. Con estas acciones, el Cobach refrenda su compromiso con la educaci\u00f3n de calidad, en congruencia con las pol\u00edticas del Gobierno de Sonora, orientadas a ampliar las oportunidades de desarrollo educativo.<\/p>\n","protected":false},"excerpt":{"rendered":"<p>Hermosillo, Sonora; 28 de abril de 2026.- El Colegio de Bachilleres del Estado de Sonora (Cobach) llev\u00f3 a cabo la etapa zona del Concurso Estatal Acad\u00e9mico y Cultural (CEAC), con la participaci\u00f3n de estudiantes destacados en diversas disciplinas acad\u00e9micas y culturales. Las actividades se desarrollaron en los planteles \u00c1lamos, Lic. Alberto Flores Urbina (Cajeme), Profesor [&hellip;]<\/p>\n","protected":false},"author":2,"featured_media":254223,"comment_status":"closed","ping_status":"closed","sticky":false,"template":"","format":"standard","meta":{"footnotes":""},"categories":[178],"tags":[12869],"class_list":["post-254222","post","type-post","status-publish","format-standard","has-post-thumbnail","hentry","category-local","tag-local"],"jetpack_featured_media_url":"https:\/\/rnoticias.com.mx\/Portal\/wp-content\/uploads\/2026\/04\/unnamed-2-30.jpg","amp_enabled":true,"_links":{"self":[{"href":"https:\/\/rnoticias.com.mx\/Portal\/wp-json\/wp\/v2\/posts\/254222","targetHints":{"allow":["GET"]}}],"collection":[{"href":"https:\/\/rnoticias.com.mx\/Portal\/wp-json\/wp\/v2\/posts"}],"about":[{"href":"https:\/\/rnoticias.com.mx\/Portal\/wp-json\/wp\/v2\/types\/post"}],"author":[{"embeddable":true,"href":"https:\/\/rnoticias.com.mx\/Portal\/wp-json\/wp\/v2\/users\/2"}],"replies":[{"embeddable":true,"href":"https:\/\/rnoticias.com.mx\/Portal\/wp-json\/wp\/v2\/comments?post=254222"}],"version-history":[{"count":1,"href":"https:\/\/rnoticias.com.mx\/Portal\/wp-json\/wp\/v2\/posts\/254222\/revisions"}],"predecessor-version":[{"id":254224,"href":"https:\/\/rnoticias.com.mx\/Portal\/wp-json\/wp\/v2\/posts\/254222\/revisions\/254224"}],"wp:featuredmedia":[{"embeddable":true,"href":"https:\/\/rnoticias.com.mx\/Portal\/wp-json\/wp\/v2\/media\/254223"}],"wp:attachment":[{"href":"https:\/\/rnoticias.com.mx\/Portal\/wp-json\/wp\/v2\/media?parent=254222"}],"wp:term":[{"taxonomy":"category","embeddable":true,"href":"https:\/\/rnoticias.com.mx\/Portal\/wp-json\/wp\/v2\/categories?post=254222"},{"taxonomy":"post_tag","embeddable":true,"href":"https:\/\/rnoticias.com.mx\/Portal\/wp-json\/wp\/v2\/tags?post=254222"}],"curies":[{"name":"wp","href":"https:\/\/api.w.org\/{rel}","templated":true}]}}