{"id":254219,"date":"2026-04-28T21:17:55","date_gmt":"2026-04-29T04:17:55","guid":{"rendered":"https:\/\/rnoticias.com.mx\/Portal\/?p=254219"},"modified":"2026-04-28T21:17:55","modified_gmt":"2026-04-29T04:17:55","slug":"alumno-de-uts-conquista-doble-oro-en-atletismo-en-el-1er-encuentro-nacional-cultural-y-deportivo","status":"publish","type":"post","link":"https:\/\/rnoticias.com.mx\/Portal\/2026\/04\/28\/alumno-de-uts-conquista-doble-oro-en-atletismo-en-el-1er-encuentro-nacional-cultural-y-deportivo\/","title":{"rendered":"Alumno de UTS conquista doble oro en atletismo en el 1er Encuentro Nacional Cultural y Deportivo"},"content":{"rendered":"<p>Bah\u00eda de Banderas, Nayarit; 28 de abril de 2026.- Juan Antonio Mac\u00edas Valdez, alumno de la carrera de Ingenier\u00eda Industrial en la Universidad Tecnol\u00f3gica del Sur de Sonora (UTS), se consolid\u00f3 como una de las figuras m\u00e1s destacadas del 1er Encuentro Nacional Cultural y Deportivo de las Universidades del Subsistema Tecnol\u00f3gico, al obtener dos medallas de oro.<\/p>\n<p>El joven se coron\u00f3 campe\u00f3n nacional en lanzamiento de bala con una marca de 16.02 metros y, posteriormente, reafirm\u00f3 su dominio al obtener la segunda medalla de oro en lanzamiento de disco, con un registro de 44.68 metros, en la pista de la unidad deportiva de Bah\u00eda de Banderas.<\/p>\n<p>Al respecto, el rector de la UTS, Sergio Pablo Mariscal Alvarado, destac\u00f3 que estos resultados son reflejo del trabajo sistem\u00e1tico, la disciplina y el compromiso de las y los estudiantes, as\u00ed como del acompa\u00f1amiento de entrenadores y del fortalecimiento institucional que impulsa la formaci\u00f3n integral.<\/p>\n<p>Como resultado del destacado desempe\u00f1o de Mac\u00edas Valdez, el entrenador Rafael Hern\u00e1ndez Vega recibi\u00f3 una medalla conmemorativa, otorgada a las delegaciones medallistas, en reconocimiento a la estrategia, preparaci\u00f3n y resultados obtenidos durante la justa nacional.<\/p>\n<p>La UTS tambi\u00e9n tuvo una participaci\u00f3n sobresaliente en otras disciplinas como mural en gis y ajedrez, donde la estudiante Alondra Esmeralda Campos Mart\u00ednez destac\u00f3 por su propuesta art\u00edstica bajo la gu\u00eda de la Mtra. Laura Yubitzia Garc\u00eda Amavizca, mientras que en ajedrez, los estudiantes Cristian Alberto L\u00f3pez Orona y Jorge Enrique Parra Ruiz demostraron un alto nivel competitivo bajo la asesor\u00eda del Mtro. Luis Alfonso Soto Gastelo.<\/p>\n<p>Finalmente, los alumnos Sim\u00f3n Alejandro L\u00f3pez Germ\u00e1n, Jes\u00fas Ernesto Parra Sauceda, Cristo Ram\u00f3n Valencia Mendoza, Gustavo Adolfo Ramos Aldaco y Juan Antonio Mac\u00edas Valdez lograron un buen papel en atletismo, entrenados por el Mtro. Rafael Hern\u00e1ndez Vega, reflejando el trabajo integral que impulsa la Coordinaci\u00f3n General de Arte, Cultura y Deporte, a cargo del Mtro. Octavio Ibarra Zayas.<\/p>\n","protected":false},"excerpt":{"rendered":"<p>Bah\u00eda de Banderas, Nayarit; 28 de abril de 2026.- Juan Antonio Mac\u00edas Valdez, alumno de la carrera de Ingenier\u00eda Industrial en la Universidad Tecnol\u00f3gica del Sur de Sonora (UTS), se consolid\u00f3 como una de las figuras m\u00e1s destacadas del 1er Encuentro Nacional Cultural y Deportivo de las Universidades del Subsistema Tecnol\u00f3gico, al obtener dos medallas [&hellip;]<\/p>\n","protected":false},"author":2,"featured_media":254220,"comment_status":"closed","ping_status":"closed","sticky":false,"template":"","format":"standard","meta":{"footnotes":""},"categories":[188],"tags":[5231],"class_list":["post-254219","post","type-post","status-publish","format-standard","has-post-thumbnail","hentry","category-deportes","tag-deportes"],"jetpack_featured_media_url":"https:\/\/rnoticias.com.mx\/Portal\/wp-content\/uploads\/2026\/04\/unnamed-1-45.jpg","amp_enabled":true,"_links":{"self":[{"href":"https:\/\/rnoticias.com.mx\/Portal\/wp-json\/wp\/v2\/posts\/254219","targetHints":{"allow":["GET"]}}],"collection":[{"href":"https:\/\/rnoticias.com.mx\/Portal\/wp-json\/wp\/v2\/posts"}],"about":[{"href":"https:\/\/rnoticias.com.mx\/Portal\/wp-json\/wp\/v2\/types\/post"}],"author":[{"embeddable":true,"href":"https:\/\/rnoticias.com.mx\/Portal\/wp-json\/wp\/v2\/users\/2"}],"replies":[{"embeddable":true,"href":"https:\/\/rnoticias.com.mx\/Portal\/wp-json\/wp\/v2\/comments?post=254219"}],"version-history":[{"count":1,"href":"https:\/\/rnoticias.com.mx\/Portal\/wp-json\/wp\/v2\/posts\/254219\/revisions"}],"predecessor-version":[{"id":254221,"href":"https:\/\/rnoticias.com.mx\/Portal\/wp-json\/wp\/v2\/posts\/254219\/revisions\/254221"}],"wp:featuredmedia":[{"embeddable":true,"href":"https:\/\/rnoticias.com.mx\/Portal\/wp-json\/wp\/v2\/media\/254220"}],"wp:attachment":[{"href":"https:\/\/rnoticias.com.mx\/Portal\/wp-json\/wp\/v2\/media?parent=254219"}],"wp:term":[{"taxonomy":"category","embeddable":true,"href":"https:\/\/rnoticias.com.mx\/Portal\/wp-json\/wp\/v2\/categories?post=254219"},{"taxonomy":"post_tag","embeddable":true,"href":"https:\/\/rnoticias.com.mx\/Portal\/wp-json\/wp\/v2\/tags?post=254219"}],"curies":[{"name":"wp","href":"https:\/\/api.w.org\/{rel}","templated":true}]}}