{"id":254210,"date":"2026-04-28T21:13:30","date_gmt":"2026-04-29T04:13:30","guid":{"rendered":"https:\/\/rnoticias.com.mx\/Portal\/?p=254210"},"modified":"2026-04-28T21:13:30","modified_gmt":"2026-04-29T04:13:30","slug":"invita-ayuntamiento-de-hermosillo-a-curso-abriendo-circuitos-en-altares","status":"publish","type":"post","link":"https:\/\/rnoticias.com.mx\/Portal\/2026\/04\/28\/invita-ayuntamiento-de-hermosillo-a-curso-abriendo-circuitos-en-altares\/","title":{"rendered":"Invita Ayuntamiento de Hermosillo a curso \u201cAbriendo Circuitos\u201d en Altares"},"content":{"rendered":"<p><b data-olk-copy-source=\"MessageBody\">Hermosillo, Sonora; 28 de abril de 2026.-<\/b>\u00a0Con el objetivo de impulsar la participaci\u00f3n de las mujeres en oficios que tradicionalmente se han masculinizado y fortalecer su autonom\u00eda en el hogar y la vida laboral, el Ayuntamiento de Hermosillo y la Agencia Municipal de Energ\u00eda y Cambio Clim\u00e1tico invita a participar en el taller \u201cAbriendo Circuitos\u201d, que se llevar\u00e1 a cabo el mi\u00e9rcoles 29 de abril a las 17:00 horas en el CIF Sur de la colonia Altares, ubicado en calle L\u00f3pez Riesgo #319.<\/p>\n<p>Carla Neudert C\u00f3rdova, directora de la Agencia Municipal de Energ\u00eda y Cambio Clim\u00e1tico (AMECC), inform\u00f3 que esta capacitaci\u00f3n se realiza en colaboraci\u00f3n con La Femme HMO y est\u00e1 dirigida a mujeres de todas las edades interesadas en adquirir conocimientos pr\u00e1cticos en electricidad b\u00e1sica, plomer\u00eda y eficiencia energ\u00e9tica, con un enfoque de empoderamiento y desarrollo de habilidades que contribuyan a su independencia econ\u00f3mica y en actividades cotidianas.<\/p>\n<p>Destac\u00f3 que este tipo de iniciativas forman parte de una estrategia integral del Gobierno Municipal para cerrar brechas de g\u00e9nero en sectores t\u00e9cnicos, promoviendo la inclusi\u00f3n de m\u00e1s mujeres en actividades relacionadas con la energ\u00eda y la infraestructura, al tiempo que se fomenta el ahorro econ\u00f3mico y el uso responsable de los recursos.<\/p>\n<p>El taller tendr\u00e1 una duraci\u00f3n aproximada de tres horas y contempla actividades te\u00f3ricas y pr\u00e1cticas enfocadas en reparaciones b\u00e1sicas, mantenimiento dom\u00e9stico y eficiencia energ\u00e9tica, conocimientos que las participantes podr\u00e1n aplicar directamente en su vida diaria.<\/p>\n<p>\u201cAbriendo Circuitos\u201d, impulsado por el Gobierno Municipal encabezado por el presidente Antonio Astiazar\u00e1n e impartido por Gabriela Meza y Lizeth C\u00e1rdenas, ya inici\u00f3 su recorrido por distintas colonias de Hermosillo y continuar\u00e1 acercando este tipo de capacitaciones a m\u00e1s sectores de la ciudad, fortaleciendo el acceso de las mujeres a herramientas que les permitan desarrollarse en \u00e1mbitos t\u00e9cnicos y productivos.<\/p>\n<p>&nbsp;<\/p>\n<p>&#8212;<\/p>\n","protected":false},"excerpt":{"rendered":"<p>Hermosillo, Sonora; 28 de abril de 2026.-\u00a0Con el objetivo de impulsar la participaci\u00f3n de las mujeres en oficios que tradicionalmente se han masculinizado y fortalecer su autonom\u00eda en el hogar y la vida laboral, el Ayuntamiento de Hermosillo y la Agencia Municipal de Energ\u00eda y Cambio Clim\u00e1tico invita a participar en el taller \u201cAbriendo Circuitos\u201d, [&hellip;]<\/p>\n","protected":false},"author":2,"featured_media":254211,"comment_status":"closed","ping_status":"closed","sticky":false,"template":"","format":"standard","meta":{"footnotes":""},"categories":[12870,178],"tags":[12865,12869],"class_list":["post-254210","post","type-post","status-publish","format-standard","has-post-thumbnail","hentry","category-destacadas","category-local","tag-destacadas","tag-local"],"jetpack_featured_media_url":"https:\/\/rnoticias.com.mx\/Portal\/wp-content\/uploads\/2026\/04\/1-197-696x371-1.jpeg","amp_enabled":true,"_links":{"self":[{"href":"https:\/\/rnoticias.com.mx\/Portal\/wp-json\/wp\/v2\/posts\/254210","targetHints":{"allow":["GET"]}}],"collection":[{"href":"https:\/\/rnoticias.com.mx\/Portal\/wp-json\/wp\/v2\/posts"}],"about":[{"href":"https:\/\/rnoticias.com.mx\/Portal\/wp-json\/wp\/v2\/types\/post"}],"author":[{"embeddable":true,"href":"https:\/\/rnoticias.com.mx\/Portal\/wp-json\/wp\/v2\/users\/2"}],"replies":[{"embeddable":true,"href":"https:\/\/rnoticias.com.mx\/Portal\/wp-json\/wp\/v2\/comments?post=254210"}],"version-history":[{"count":1,"href":"https:\/\/rnoticias.com.mx\/Portal\/wp-json\/wp\/v2\/posts\/254210\/revisions"}],"predecessor-version":[{"id":254212,"href":"https:\/\/rnoticias.com.mx\/Portal\/wp-json\/wp\/v2\/posts\/254210\/revisions\/254212"}],"wp:featuredmedia":[{"embeddable":true,"href":"https:\/\/rnoticias.com.mx\/Portal\/wp-json\/wp\/v2\/media\/254211"}],"wp:attachment":[{"href":"https:\/\/rnoticias.com.mx\/Portal\/wp-json\/wp\/v2\/media?parent=254210"}],"wp:term":[{"taxonomy":"category","embeddable":true,"href":"https:\/\/rnoticias.com.mx\/Portal\/wp-json\/wp\/v2\/categories?post=254210"},{"taxonomy":"post_tag","embeddable":true,"href":"https:\/\/rnoticias.com.mx\/Portal\/wp-json\/wp\/v2\/tags?post=254210"}],"curies":[{"name":"wp","href":"https:\/\/api.w.org\/{rel}","templated":true}]}}