{"id":254204,"date":"2026-04-28T21:07:56","date_gmt":"2026-04-29T04:07:56","guid":{"rendered":"https:\/\/rnoticias.com.mx\/Portal\/?p=254204"},"modified":"2026-04-28T21:07:56","modified_gmt":"2026-04-29T04:07:56","slug":"gobierno-de-sonora-fortalece-cultura-de-seguridad-y-salud-laboral","status":"publish","type":"post","link":"https:\/\/rnoticias.com.mx\/Portal\/2026\/04\/28\/gobierno-de-sonora-fortalece-cultura-de-seguridad-y-salud-laboral\/","title":{"rendered":"Gobierno de Sonora fortalece cultura de seguridad y salud laboral"},"content":{"rendered":"<p>Hermosillo, Sonora; 28 de abril de 2026.\u2013 En el marco del D\u00eda Mundial de la Seguridad y Salud en el Trabajo, el Gobierno de Sonora, a trav\u00e9s de la Secretar\u00eda del Trabajo, llev\u00f3 a cabo una jornada enfocada en la promoci\u00f3n de entornos laborales seguros, saludables e incluyentes, con especial \u00e9nfasis en la igualdad de g\u00e9nero y el bienestar psicosocial de las y los trabajadores.<\/p>\n<p>El evento se llev\u00f3 a cabo en el Tecnol\u00f3gico de Monterrey, Campus Sonora Norte, con la participaci\u00f3n de autoridades de los tres \u00f3rdenes de gobierno, instituciones acad\u00e9micas, organismos empresariales y especialistas en la materia.<\/p>\n<p>Durante la jornada se desarrollaron diversas actividades, entre ellas la firma de un convenio de colaboraci\u00f3n como integrantes del Comit\u00e9 Local de Ayuda Mutua (CLAM), la exposici\u00f3n del proceso de inspecci\u00f3n de la NOM-035-STPS-2018, as\u00ed como conferencias centradas en salud mental y bienestar organizacional.<\/p>\n<p>Este esfuerzo conjunto tuvo como objetivo fortalecer la cultura de la prevenci\u00f3n en los centros de trabajo, promoviendo la implementaci\u00f3n de la NOM-035-STPS-2018 y fomentando entornos psicosocialmente saludables que contribuyan a mejorar la calidad de vida, productividad y salud mental de las y los trabajadores.<\/p>\n<p>En el evento participaron empresas de diversos sectores como el industrial, educativo, energ\u00e9tico, transporte, agroindustrial y de servicios, as\u00ed como las instituciones: la Secretar\u00eda del Trabajo y Previsi\u00f3n Social, el Instituto Mexicano del Seguro Social, el Comit\u00e9 Local de Ayuda Mutua y el Tecnol\u00f3gico de Monterrey, consolidando una alianza estrat\u00e9gica entre gobierno, iniciativa privada y academia.<\/p>\n<p>Con estas acciones, el Gobierno de Sonora refrenda su compromiso de impulsar pol\u00edticas p\u00fablicas que garanticen condiciones laborales dignas, seguras y equitativas para las y los sonorenses.<\/p>\n","protected":false},"excerpt":{"rendered":"<p>Hermosillo, Sonora; 28 de abril de 2026.\u2013 En el marco del D\u00eda Mundial de la Seguridad y Salud en el Trabajo, el Gobierno de Sonora, a trav\u00e9s de la Secretar\u00eda del Trabajo, llev\u00f3 a cabo una jornada enfocada en la promoci\u00f3n de entornos laborales seguros, saludables e incluyentes, con especial \u00e9nfasis en la igualdad de [&hellip;]<\/p>\n","protected":false},"author":2,"featured_media":254205,"comment_status":"closed","ping_status":"closed","sticky":false,"template":"","format":"standard","meta":{"footnotes":""},"categories":[12870,178],"tags":[12865,12869],"class_list":["post-254204","post","type-post","status-publish","format-standard","has-post-thumbnail","hentry","category-destacadas","category-local","tag-destacadas","tag-local"],"jetpack_featured_media_url":"https:\/\/rnoticias.com.mx\/Portal\/wp-content\/uploads\/2026\/04\/unnamed-89.jpg","amp_enabled":true,"_links":{"self":[{"href":"https:\/\/rnoticias.com.mx\/Portal\/wp-json\/wp\/v2\/posts\/254204","targetHints":{"allow":["GET"]}}],"collection":[{"href":"https:\/\/rnoticias.com.mx\/Portal\/wp-json\/wp\/v2\/posts"}],"about":[{"href":"https:\/\/rnoticias.com.mx\/Portal\/wp-json\/wp\/v2\/types\/post"}],"author":[{"embeddable":true,"href":"https:\/\/rnoticias.com.mx\/Portal\/wp-json\/wp\/v2\/users\/2"}],"replies":[{"embeddable":true,"href":"https:\/\/rnoticias.com.mx\/Portal\/wp-json\/wp\/v2\/comments?post=254204"}],"version-history":[{"count":1,"href":"https:\/\/rnoticias.com.mx\/Portal\/wp-json\/wp\/v2\/posts\/254204\/revisions"}],"predecessor-version":[{"id":254206,"href":"https:\/\/rnoticias.com.mx\/Portal\/wp-json\/wp\/v2\/posts\/254204\/revisions\/254206"}],"wp:featuredmedia":[{"embeddable":true,"href":"https:\/\/rnoticias.com.mx\/Portal\/wp-json\/wp\/v2\/media\/254205"}],"wp:attachment":[{"href":"https:\/\/rnoticias.com.mx\/Portal\/wp-json\/wp\/v2\/media?parent=254204"}],"wp:term":[{"taxonomy":"category","embeddable":true,"href":"https:\/\/rnoticias.com.mx\/Portal\/wp-json\/wp\/v2\/categories?post=254204"},{"taxonomy":"post_tag","embeddable":true,"href":"https:\/\/rnoticias.com.mx\/Portal\/wp-json\/wp\/v2\/tags?post=254204"}],"curies":[{"name":"wp","href":"https:\/\/api.w.org\/{rel}","templated":true}]}}