{"id":254201,"date":"2026-04-28T21:00:47","date_gmt":"2026-04-29T04:00:47","guid":{"rendered":"https:\/\/rnoticias.com.mx\/Portal\/?p=254201"},"modified":"2026-04-28T21:00:47","modified_gmt":"2026-04-29T04:00:47","slug":"karol-g-lanza-el-tema-despues-de-ti-junto-a-greg-gonzalez","status":"publish","type":"post","link":"https:\/\/rnoticias.com.mx\/Portal\/2026\/04\/28\/karol-g-lanza-el-tema-despues-de-ti-junto-a-greg-gonzalez\/","title":{"rendered":"Karol G lanza el tema &#8216;Despu\u00e9s de ti&#8217; junto a Greg Gonz\u00e1lez"},"content":{"rendered":"<p><strong>Karol G ha lanzado &#8216;Despu\u00e9s de ti&#8217;,<\/strong>\u00a0un tema junto al vocalista de la banga\u00a0<strong>Cigarettes After Sex, Greg Gonz\u00e1lez,\u00a0<\/strong>que presentaron durante su actuaci\u00f3n en el festival Coachella.<\/p>\n<p>El tema<strong>\u00a0&#8216;Despu\u00e9s de ti&#8217;<\/strong>, que ya est\u00e1 disponible en todas las plataformas, es una balada que reflexiona sobre la p\u00e9rdida y el duelo.<\/p>\n<p>La artista colombiana y Greg Gonzalez presentaron la canci\u00f3n por primera vez en Coachella en la primera de sus dos actuaciones.<\/p>\n<p>El lanzamiento coincide con el anuncio de<strong> &#8216;Viajando por el Mundo TropiTour&#8217;, la gira mundial de la artista con la que visitar\u00e1 a su Colombia natal, Espa\u00f1a, Estados Unidos, Canad\u00e1, M\u00e9xico, Argentina, Brasil, Per\u00fa, Chile, Rep\u00fablica Dominicana, Costa Rica, Italia, Francia, Alemania, Polonia, Pa\u00edses Bajos, Ecuador, Portugal y Puerto Rico.<\/strong><img decoding=\"async\" src=\"https:\/\/platform-cdn.sharethis.com\/img\/sharethis.svg\" alt=\"sharethis sharing button\" \/><\/p>\n<p><strong>&#8216;Viajando por el Mundo TropiTour&#8217;\u00a0<\/strong>comenzar\u00e1 el pr\u00f3ximo 24 de julio en el estadio Soldier Field de Chicago y culminar\u00e1 exactamente un a\u00f1o despu\u00e9s en el estadio San Siro de Mil\u00e1n (Italia).<\/p>\n<p>Al finalizar su actuaci\u00f3n el domingo por la noche en el escenario principal de Coachella, en California, la artista proyect\u00f3 en las pantallas gigantes un mensaje que desat\u00f3 la euforia entre los miles de asistentes:\u00a0<strong>&#8220;Nos vamos de tour&#8221;.<\/strong><\/p>\n","protected":false},"excerpt":{"rendered":"<p>Karol G ha lanzado &#8216;Despu\u00e9s de ti&#8217;,\u00a0un tema junto al vocalista de la banga\u00a0Cigarettes After Sex, Greg Gonz\u00e1lez,\u00a0que presentaron durante su actuaci\u00f3n en el festival Coachella. El tema\u00a0&#8216;Despu\u00e9s de ti&#8217;, que ya est\u00e1 disponible en todas las plataformas, es una balada que reflexiona sobre la p\u00e9rdida y el duelo. La artista colombiana y Greg Gonzalez [&hellip;]<\/p>\n","protected":false},"author":2,"featured_media":254202,"comment_status":"closed","ping_status":"closed","sticky":false,"template":"","format":"standard","meta":{"footnotes":""},"categories":[12870,219],"tags":[12865,12875],"class_list":["post-254201","post","type-post","status-publish","format-standard","has-post-thumbnail","hentry","category-destacadas","category-espectaculos","tag-destacadas","tag-espectaculos"],"jetpack_featured_media_url":"https:\/\/rnoticias.com.mx\/Portal\/wp-content\/uploads\/2026\/04\/Karol-G-lanza-el-tema.jpg","amp_enabled":true,"_links":{"self":[{"href":"https:\/\/rnoticias.com.mx\/Portal\/wp-json\/wp\/v2\/posts\/254201","targetHints":{"allow":["GET"]}}],"collection":[{"href":"https:\/\/rnoticias.com.mx\/Portal\/wp-json\/wp\/v2\/posts"}],"about":[{"href":"https:\/\/rnoticias.com.mx\/Portal\/wp-json\/wp\/v2\/types\/post"}],"author":[{"embeddable":true,"href":"https:\/\/rnoticias.com.mx\/Portal\/wp-json\/wp\/v2\/users\/2"}],"replies":[{"embeddable":true,"href":"https:\/\/rnoticias.com.mx\/Portal\/wp-json\/wp\/v2\/comments?post=254201"}],"version-history":[{"count":1,"href":"https:\/\/rnoticias.com.mx\/Portal\/wp-json\/wp\/v2\/posts\/254201\/revisions"}],"predecessor-version":[{"id":254203,"href":"https:\/\/rnoticias.com.mx\/Portal\/wp-json\/wp\/v2\/posts\/254201\/revisions\/254203"}],"wp:featuredmedia":[{"embeddable":true,"href":"https:\/\/rnoticias.com.mx\/Portal\/wp-json\/wp\/v2\/media\/254202"}],"wp:attachment":[{"href":"https:\/\/rnoticias.com.mx\/Portal\/wp-json\/wp\/v2\/media?parent=254201"}],"wp:term":[{"taxonomy":"category","embeddable":true,"href":"https:\/\/rnoticias.com.mx\/Portal\/wp-json\/wp\/v2\/categories?post=254201"},{"taxonomy":"post_tag","embeddable":true,"href":"https:\/\/rnoticias.com.mx\/Portal\/wp-json\/wp\/v2\/tags?post=254201"}],"curies":[{"name":"wp","href":"https:\/\/api.w.org\/{rel}","templated":true}]}}