{"id":254192,"date":"2026-04-28T20:57:18","date_gmt":"2026-04-29T03:57:18","guid":{"rendered":"https:\/\/rnoticias.com.mx\/Portal\/?p=254192"},"modified":"2026-04-28T20:57:18","modified_gmt":"2026-04-29T03:57:18","slug":"claudia-sheinbaum-anuncia-salida-de-ariadna-montiel-de-bienestar-leticia-ramirez-asumira-el-cargo","status":"publish","type":"post","link":"https:\/\/rnoticias.com.mx\/Portal\/2026\/04\/28\/claudia-sheinbaum-anuncia-salida-de-ariadna-montiel-de-bienestar-leticia-ramirez-asumira-el-cargo\/","title":{"rendered":"Claudia Sheinbaum anuncia salida de Ariadna Montiel de Bienestar; Leticia Ram\u00edrez asumir\u00e1 el cargo"},"content":{"rendered":"<p>La presidenta de M\u00e9xico, Claudia Sheinbaum Pardo, inform\u00f3 que\u00a0<strong>Ariadna Montiel dejar\u00e1 la Secretar\u00eda del Bienestar\u00a0<\/strong>para integrarse a nuevas tareas dentro del movimiento pol\u00edtico al que pertenece, sin detallar cu\u00e1l ser\u00e1 su pr\u00f3xima responsabilidad.<\/p>\n<p>Durante un mensaje en video acompa\u00f1ada por integrantes de la dependencia,<strong>\u00a0responsables territoriales y delegados de programas sociales, la mandataria dio a conocer que Leticia Ram\u00edrez Amaya ser\u00e1 quien asuma la titularidad de la instituci\u00f3n.<\/strong><\/p>\n<p>Sheinbaum Pardo reconoci\u00f3 el trabajo de Montiel al frente de la Secretar\u00eda del Bienestar, dependencia encargada de la distribuci\u00f3n de apoyos sociales como la pensi\u00f3n para adultos mayores y programas dirigidos a personas con discapacidad.<\/p>\n<p><strong>\u201cEl d\u00eda de hoy, Ariadna me ha dicho que deja a la Secretar\u00eda de Bienestar porque quiere avanzar en otras tareas del movimiento al que pertenecemos todas y todos\u201d,<\/strong>\u00a0expres\u00f3 la presidenta, al reiterar que su administraci\u00f3n mantiene el compromiso con el proyecto de transformaci\u00f3n de la vida p\u00fablica del pa\u00eds.<\/p>\n","protected":false},"excerpt":{"rendered":"<p>La presidenta de M\u00e9xico, Claudia Sheinbaum Pardo, inform\u00f3 que\u00a0Ariadna Montiel dejar\u00e1 la Secretar\u00eda del Bienestar\u00a0para integrarse a nuevas tareas dentro del movimiento pol\u00edtico al que pertenece, sin detallar cu\u00e1l ser\u00e1 su pr\u00f3xima responsabilidad. Durante un mensaje en video acompa\u00f1ada por integrantes de la dependencia,\u00a0responsables territoriales y delegados de programas sociales, la mandataria dio a conocer [&hellip;]<\/p>\n","protected":false},"author":2,"featured_media":254193,"comment_status":"closed","ping_status":"closed","sticky":false,"template":"","format":"standard","meta":{"footnotes":""},"categories":[12870,12868],"tags":[12865,12879],"class_list":["post-254192","post","type-post","status-publish","format-standard","has-post-thumbnail","hentry","category-destacadas","category-politica","tag-destacadas","tag-politica"],"jetpack_featured_media_url":"https:\/\/rnoticias.com.mx\/Portal\/wp-content\/uploads\/2026\/04\/2026-04-28_Sheinbaum_Secretaria_Bienestar.jpg","amp_enabled":true,"_links":{"self":[{"href":"https:\/\/rnoticias.com.mx\/Portal\/wp-json\/wp\/v2\/posts\/254192","targetHints":{"allow":["GET"]}}],"collection":[{"href":"https:\/\/rnoticias.com.mx\/Portal\/wp-json\/wp\/v2\/posts"}],"about":[{"href":"https:\/\/rnoticias.com.mx\/Portal\/wp-json\/wp\/v2\/types\/post"}],"author":[{"embeddable":true,"href":"https:\/\/rnoticias.com.mx\/Portal\/wp-json\/wp\/v2\/users\/2"}],"replies":[{"embeddable":true,"href":"https:\/\/rnoticias.com.mx\/Portal\/wp-json\/wp\/v2\/comments?post=254192"}],"version-history":[{"count":1,"href":"https:\/\/rnoticias.com.mx\/Portal\/wp-json\/wp\/v2\/posts\/254192\/revisions"}],"predecessor-version":[{"id":254194,"href":"https:\/\/rnoticias.com.mx\/Portal\/wp-json\/wp\/v2\/posts\/254192\/revisions\/254194"}],"wp:featuredmedia":[{"embeddable":true,"href":"https:\/\/rnoticias.com.mx\/Portal\/wp-json\/wp\/v2\/media\/254193"}],"wp:attachment":[{"href":"https:\/\/rnoticias.com.mx\/Portal\/wp-json\/wp\/v2\/media?parent=254192"}],"wp:term":[{"taxonomy":"category","embeddable":true,"href":"https:\/\/rnoticias.com.mx\/Portal\/wp-json\/wp\/v2\/categories?post=254192"},{"taxonomy":"post_tag","embeddable":true,"href":"https:\/\/rnoticias.com.mx\/Portal\/wp-json\/wp\/v2\/tags?post=254192"}],"curies":[{"name":"wp","href":"https:\/\/api.w.org\/{rel}","templated":true}]}}