{"id":254186,"date":"2026-04-28T20:50:29","date_gmt":"2026-04-29T03:50:29","guid":{"rendered":"https:\/\/rnoticias.com.mx\/Portal\/?p=254186"},"modified":"2026-04-28T20:50:29","modified_gmt":"2026-04-29T03:50:29","slug":"gobierno-de-sonora-inaugura-exposicion-fotografica-sobre-los-derechos-de-los-ninos-en-los-anos-20","status":"publish","type":"post","link":"https:\/\/rnoticias.com.mx\/Portal\/2026\/04\/28\/gobierno-de-sonora-inaugura-exposicion-fotografica-sobre-los-derechos-de-los-ninos-en-los-anos-20\/","title":{"rendered":"Gobierno de Sonora inaugura exposici\u00f3n fotogr\u00e1fica sobre los derechos de los ni\u00f1os en los a\u00f1os 20"},"content":{"rendered":"<p>Hermosillo, Sonora; 28 de abril de 2026.\u2013 El Gobierno de Sonora, a trav\u00e9s de la Secretar\u00eda de Educaci\u00f3n y Cultura (SEC) y el Instituto Sonorense de Cultura (ISC), en el marco de la celebraci\u00f3n del D\u00eda de las Infancias, inaugur\u00f3 la exposici\u00f3n fotogr\u00e1fica \u201cLos derechos de los ni\u00f1os en los a\u00f1os 20\u201d en el Museo de Culturas Populares e Ind\u00edgenas de Sonora.<\/p>\n<p>Durante la inauguraci\u00f3n, estuvieron presentes autoridades como Zen\u00f3n Tiburcio Robles, director del Centro INAH Sonora; Beatriz Aldaco, directora general del ISC; Martha Olivia Sol\u00eds, directora del Museo Regional de Sonora; Anabella Coronado, coordinadora de Patrimonio Cultural y Atenci\u00f3n a Pueblos Originarios del ISC; y Gerardo Pe\u00f1a, responsable del Museo de Culturas Populares e Ind\u00edgenas de Sonora. Todos coincidieron en la relevancia de la muestra como un espacio para reflexionar sobre los avances sociales en la protecci\u00f3n de los derechos de los ni\u00f1os.<\/p>\n<p>La exposici\u00f3n est\u00e1 compuesta por 39 fotograf\u00edas en blanco y negro provenientes de diversas colecciones hist\u00f3ricas, como la Colecci\u00f3n Casasola, la Colecci\u00f3n \u00c9tnico y la Colecci\u00f3n Salud P\u00fablica, pertenecientes al Sistema Nacional de Fototecas, la Fototeca Nacional del INAH y la Secretar\u00eda de Cultura.<\/p>\n<p>A trav\u00e9s de estas im\u00e1genes, la muestra ofrece una narrativa visual sobre la historia de los derechos infantiles en M\u00e9xico, con un enfoque en el periodo posrevolucionario y las pol\u00edticas impulsadas por la sociedad, la academia y los gobiernos de la \u00e9poca.<\/p>\n<p>Entre los temas clave de la exposici\u00f3n destacan los avances en la protecci\u00f3n de la infancia en situaci\u00f3n vulnerable, como los desarrollos en los campos de educaci\u00f3n, salud, higiene, deporte y bienestar integral. Adem\u00e1s, la muestra contextualiza el origen de la conmemoraci\u00f3n del D\u00eda del Ni\u00f1o y de la Ni\u00f1a en M\u00e9xico. Las fotograf\u00edas y los testimonios hist\u00f3ricos reflejan los esfuerzos realizados para consolidar los derechos de la ni\u00f1ez en el pa\u00eds.<\/p>\n<p>La comunidad est\u00e1 invitada a disfrutar de esta muestra, que estar\u00e1 disponible hasta el 22 de julio de 2026. El horario de visita es de lunes a viernes, de 8:00 a 15:00 horas, en el Museo de Culturas Populares e Ind\u00edgenas de Sonora.<\/p>\n<p>\u00a1Los esperamos!.<\/p>\n<p>Consulta la agenda de actividades culturales de la entidad en\u00a0<a href=\"http:\/\/isc.sonora.edu.mx\/\" target=\"_blank\" rel=\"noopener\" data-saferedirecturl=\"https:\/\/www.google.com\/url?q=http:\/\/isc.sonora.edu.mx&amp;source=gmail&amp;ust=1777520691698000&amp;usg=AOvVaw1d_XVYRWpazC2xUdePLrB6\">isc.sonora.edu.mx<\/a>\u00a0y en redes sociales a trav\u00e9s de @iscsonora.<\/p>\n","protected":false},"excerpt":{"rendered":"<p>Hermosillo, Sonora; 28 de abril de 2026.\u2013 El Gobierno de Sonora, a trav\u00e9s de la Secretar\u00eda de Educaci\u00f3n y Cultura (SEC) y el Instituto Sonorense de Cultura (ISC), en el marco de la celebraci\u00f3n del D\u00eda de las Infancias, inaugur\u00f3 la exposici\u00f3n fotogr\u00e1fica \u201cLos derechos de los ni\u00f1os en los a\u00f1os 20\u201d en el Museo [&hellip;]<\/p>\n","protected":false},"author":2,"featured_media":254187,"comment_status":"closed","ping_status":"closed","sticky":false,"template":"","format":"standard","meta":{"footnotes":""},"categories":[12870,178],"tags":[12865,12869],"class_list":["post-254186","post","type-post","status-publish","format-standard","has-post-thumbnail","hentry","category-destacadas","category-local","tag-destacadas","tag-local"],"jetpack_featured_media_url":"https:\/\/rnoticias.com.mx\/Portal\/wp-content\/uploads\/2026\/04\/unnamed-88.jpg","amp_enabled":true,"_links":{"self":[{"href":"https:\/\/rnoticias.com.mx\/Portal\/wp-json\/wp\/v2\/posts\/254186","targetHints":{"allow":["GET"]}}],"collection":[{"href":"https:\/\/rnoticias.com.mx\/Portal\/wp-json\/wp\/v2\/posts"}],"about":[{"href":"https:\/\/rnoticias.com.mx\/Portal\/wp-json\/wp\/v2\/types\/post"}],"author":[{"embeddable":true,"href":"https:\/\/rnoticias.com.mx\/Portal\/wp-json\/wp\/v2\/users\/2"}],"replies":[{"embeddable":true,"href":"https:\/\/rnoticias.com.mx\/Portal\/wp-json\/wp\/v2\/comments?post=254186"}],"version-history":[{"count":1,"href":"https:\/\/rnoticias.com.mx\/Portal\/wp-json\/wp\/v2\/posts\/254186\/revisions"}],"predecessor-version":[{"id":254188,"href":"https:\/\/rnoticias.com.mx\/Portal\/wp-json\/wp\/v2\/posts\/254186\/revisions\/254188"}],"wp:featuredmedia":[{"embeddable":true,"href":"https:\/\/rnoticias.com.mx\/Portal\/wp-json\/wp\/v2\/media\/254187"}],"wp:attachment":[{"href":"https:\/\/rnoticias.com.mx\/Portal\/wp-json\/wp\/v2\/media?parent=254186"}],"wp:term":[{"taxonomy":"category","embeddable":true,"href":"https:\/\/rnoticias.com.mx\/Portal\/wp-json\/wp\/v2\/categories?post=254186"},{"taxonomy":"post_tag","embeddable":true,"href":"https:\/\/rnoticias.com.mx\/Portal\/wp-json\/wp\/v2\/tags?post=254186"}],"curies":[{"name":"wp","href":"https:\/\/api.w.org\/{rel}","templated":true}]}}