{"id":254171,"date":"2026-04-28T20:42:28","date_gmt":"2026-04-29T03:42:28","guid":{"rendered":"https:\/\/rnoticias.com.mx\/Portal\/?p=254171"},"modified":"2026-04-28T20:42:28","modified_gmt":"2026-04-29T03:42:28","slug":"eder-2025-revela-cambios-generacionales-en-educacion-migracion-y-empleo-en-mexico","status":"publish","type":"post","link":"https:\/\/rnoticias.com.mx\/Portal\/2026\/04\/28\/eder-2025-revela-cambios-generacionales-en-educacion-migracion-y-empleo-en-mexico\/","title":{"rendered":"EDER 2025 revela cambios generacionales en educaci\u00f3n, migraci\u00f3n y empleo en M\u00e9xico"},"content":{"rendered":"<p>&nbsp;<\/p>\n<p>El Instituto Nacional de Estad\u00edstica y Geograf\u00eda (INEGI) present\u00f3 los resultados de la Encuesta Demogr\u00e1fica Retrospectiva (EDER) 2025, un estudio que reconstruye las trayectorias de vida de la poblaci\u00f3n mexicana para entender la evoluci\u00f3n de fen\u00f3menos sociales como la educaci\u00f3n, el trabajo, la migraci\u00f3n y la vida familiar.<\/p>\n<p>&nbsp;<\/p>\n<p>Graciela M\u00e1rquez, presidenta del INEGI, explic\u00f3 que con la informaci\u00f3n recabada de personas de entre 18 y 64 a\u00f1os, el an\u00e1lisis permite comparar experiencias entre generaciones nacidas de 1961 a 2007.<\/p>\n<p>&nbsp;<\/p>\n<p>\u201cEl estudio de estos cortes generacionales permite identificar, comparar y\u00a0contrastar experiencias generacionales comunes. El resultado de este esfuerzo es contar con datos\u00a0rigurosos y representativos a nivel nacional y estatal sobre temas como escolaridad, migraci\u00f3n,\u00a0salida del hogar de los padres y hasta uso de anticonceptivos\u201d, declar\u00f3.<\/p>\n<p>&nbsp;<\/p>\n<p>Detall\u00f3, que el ejercicio se basa en una muestra de 33 mil viviendas y ofrece datos representativos a nivel nacional y estatal. Entre los principales hallazgos, destac\u00f3 que las generaciones m\u00e1s j\u00f3venes registran menor abandono escolar antes de los 18 a\u00f1os, as\u00ed como una reducci\u00f3n en la migraci\u00f3n temprana.<\/p>\n<p>&nbsp;<\/p>\n<p>Finalmente, la presidenta nacional del INEGI, dio a conocer que la encuesta tambi\u00e9n muestra que alrededor del 60% de las personas tuvo su primer empleo antes de los 18 a\u00f1os, mientras que cada vez menos j\u00f3venes abandonan el hogar familiar a esa edad, reflejando cambios en las din\u00e1micas sociales del pa\u00eds.<\/p>\n<p>&nbsp;<\/p>\n","protected":false},"excerpt":{"rendered":"<p>&nbsp; El Instituto Nacional de Estad\u00edstica y Geograf\u00eda (INEGI) present\u00f3 los resultados de la Encuesta Demogr\u00e1fica Retrospectiva (EDER) 2025, un estudio que reconstruye las trayectorias de vida de la poblaci\u00f3n mexicana para entender la evoluci\u00f3n de fen\u00f3menos sociales como la educaci\u00f3n, el trabajo, la migraci\u00f3n y la vida familiar. &nbsp; Graciela M\u00e1rquez, presidenta del INEGI, [&hellip;]<\/p>\n","protected":false},"author":2,"featured_media":254172,"comment_status":"closed","ping_status":"closed","sticky":false,"template":"","format":"standard","meta":{"footnotes":""},"categories":[12870,172],"tags":[12865,12874],"class_list":["post-254171","post","type-post","status-publish","format-standard","has-post-thumbnail","hentry","category-destacadas","category-nacional","tag-destacadas","tag-nacional"],"jetpack_featured_media_url":"https:\/\/rnoticias.com.mx\/Portal\/wp-content\/uploads\/2026\/04\/inegi.jpg","amp_enabled":true,"_links":{"self":[{"href":"https:\/\/rnoticias.com.mx\/Portal\/wp-json\/wp\/v2\/posts\/254171","targetHints":{"allow":["GET"]}}],"collection":[{"href":"https:\/\/rnoticias.com.mx\/Portal\/wp-json\/wp\/v2\/posts"}],"about":[{"href":"https:\/\/rnoticias.com.mx\/Portal\/wp-json\/wp\/v2\/types\/post"}],"author":[{"embeddable":true,"href":"https:\/\/rnoticias.com.mx\/Portal\/wp-json\/wp\/v2\/users\/2"}],"replies":[{"embeddable":true,"href":"https:\/\/rnoticias.com.mx\/Portal\/wp-json\/wp\/v2\/comments?post=254171"}],"version-history":[{"count":1,"href":"https:\/\/rnoticias.com.mx\/Portal\/wp-json\/wp\/v2\/posts\/254171\/revisions"}],"predecessor-version":[{"id":254173,"href":"https:\/\/rnoticias.com.mx\/Portal\/wp-json\/wp\/v2\/posts\/254171\/revisions\/254173"}],"wp:featuredmedia":[{"embeddable":true,"href":"https:\/\/rnoticias.com.mx\/Portal\/wp-json\/wp\/v2\/media\/254172"}],"wp:attachment":[{"href":"https:\/\/rnoticias.com.mx\/Portal\/wp-json\/wp\/v2\/media?parent=254171"}],"wp:term":[{"taxonomy":"category","embeddable":true,"href":"https:\/\/rnoticias.com.mx\/Portal\/wp-json\/wp\/v2\/categories?post=254171"},{"taxonomy":"post_tag","embeddable":true,"href":"https:\/\/rnoticias.com.mx\/Portal\/wp-json\/wp\/v2\/tags?post=254171"}],"curies":[{"name":"wp","href":"https:\/\/api.w.org\/{rel}","templated":true}]}}