{"id":254159,"date":"2026-04-28T20:31:07","date_gmt":"2026-04-29T03:31:07","guid":{"rendered":"https:\/\/rnoticias.com.mx\/Portal\/?p=254159"},"modified":"2026-04-28T20:31:07","modified_gmt":"2026-04-29T03:31:07","slug":"meta-de-400-unidades-clave-para-mejorar-movilidad-en-hermosillo-uuh","status":"publish","type":"post","link":"https:\/\/rnoticias.com.mx\/Portal\/2026\/04\/28\/meta-de-400-unidades-clave-para-mejorar-movilidad-en-hermosillo-uuh\/","title":{"rendered":"Meta de 400 unidades, clave para mejorar movilidad en Hermosillo: UUH"},"content":{"rendered":"<p>Alcanzar al menos 400 camiones en circulaci\u00f3n es clave para reducir los tiempos de espera y mejorar la eficiencia del transporte p\u00fablico en Hermosillo, donde actualmente la demanda supera la capacidad de las rutas, reiter\u00f3 Ignacio Peinado Luna.<\/p>\n<p>&nbsp;<\/p>\n<p>El dirigente de la Uni\u00f3n de Usuarios de Hermosillo, manifest\u00f3 que pese a la reciente incorporaci\u00f3n de unidades en el caso puntual de la capital del estado, persisten problemas en frecuencias, cobertura y calidad del servicio, lo que afecta diariamente a los usuarios.<\/p>\n<p>&nbsp;<\/p>\n<p>\u201cEntonces es muy importante siempre pensar en un sistema de transporte p\u00fablico modernizado,\u00a0revolucionado, en donde se integre el mayor n\u00famero de unidades,\u00a0donde se articule el recurso humano,\u00a0siempre pensando en mejorar las condiciones desde luego laborales de los operadores\u201d, dijo.<\/p>\n<p>&nbsp;<\/p>\n<p>Peinado Luna, advirti\u00f3 que adem\u00e1s del aumento de camiones, es necesario fortalecer la capacitaci\u00f3n de operadores, mejorar sus condiciones laborales y reforzar la seguridad, con el fin de avanzar hacia un sistema m\u00e1s moderno, funcional y acorde a las necesidades de la poblaci\u00f3n.<\/p>\n","protected":false},"excerpt":{"rendered":"<p>Alcanzar al menos 400 camiones en circulaci\u00f3n es clave para reducir los tiempos de espera y mejorar la eficiencia del transporte p\u00fablico en Hermosillo, donde actualmente la demanda supera la capacidad de las rutas, reiter\u00f3 Ignacio Peinado Luna. &nbsp; El dirigente de la Uni\u00f3n de Usuarios de Hermosillo, manifest\u00f3 que pese a la reciente incorporaci\u00f3n [&hellip;]<\/p>\n","protected":false},"author":2,"featured_media":254160,"comment_status":"closed","ping_status":"closed","sticky":false,"template":"","format":"standard","meta":{"footnotes":""},"categories":[12870,178],"tags":[12865,12869],"class_list":["post-254159","post","type-post","status-publish","format-standard","has-post-thumbnail","hentry","category-destacadas","category-local","tag-destacadas","tag-local"],"jetpack_featured_media_url":"https:\/\/rnoticias.com.mx\/Portal\/wp-content\/uploads\/2026\/04\/Paso-de-desnivel-en-Hermosillo-conoce-las-nuevas-rutas-de-camiones-a-partir-del-2-de-enero.jpg","amp_enabled":true,"_links":{"self":[{"href":"https:\/\/rnoticias.com.mx\/Portal\/wp-json\/wp\/v2\/posts\/254159","targetHints":{"allow":["GET"]}}],"collection":[{"href":"https:\/\/rnoticias.com.mx\/Portal\/wp-json\/wp\/v2\/posts"}],"about":[{"href":"https:\/\/rnoticias.com.mx\/Portal\/wp-json\/wp\/v2\/types\/post"}],"author":[{"embeddable":true,"href":"https:\/\/rnoticias.com.mx\/Portal\/wp-json\/wp\/v2\/users\/2"}],"replies":[{"embeddable":true,"href":"https:\/\/rnoticias.com.mx\/Portal\/wp-json\/wp\/v2\/comments?post=254159"}],"version-history":[{"count":1,"href":"https:\/\/rnoticias.com.mx\/Portal\/wp-json\/wp\/v2\/posts\/254159\/revisions"}],"predecessor-version":[{"id":254161,"href":"https:\/\/rnoticias.com.mx\/Portal\/wp-json\/wp\/v2\/posts\/254159\/revisions\/254161"}],"wp:featuredmedia":[{"embeddable":true,"href":"https:\/\/rnoticias.com.mx\/Portal\/wp-json\/wp\/v2\/media\/254160"}],"wp:attachment":[{"href":"https:\/\/rnoticias.com.mx\/Portal\/wp-json\/wp\/v2\/media?parent=254159"}],"wp:term":[{"taxonomy":"category","embeddable":true,"href":"https:\/\/rnoticias.com.mx\/Portal\/wp-json\/wp\/v2\/categories?post=254159"},{"taxonomy":"post_tag","embeddable":true,"href":"https:\/\/rnoticias.com.mx\/Portal\/wp-json\/wp\/v2\/tags?post=254159"}],"curies":[{"name":"wp","href":"https:\/\/api.w.org\/{rel}","templated":true}]}}