{"id":254156,"date":"2026-04-28T16:19:11","date_gmt":"2026-04-28T23:19:11","guid":{"rendered":"https:\/\/rnoticias.com.mx\/Portal\/?p=254156"},"modified":"2026-04-28T16:19:11","modified_gmt":"2026-04-28T23:19:11","slug":"el-ine-actualiza-la-integracion-de-sus-comisiones-de-trabajo","status":"publish","type":"post","link":"https:\/\/rnoticias.com.mx\/Portal\/2026\/04\/28\/el-ine-actualiza-la-integracion-de-sus-comisiones-de-trabajo\/","title":{"rendered":"El INE actualiza la integraci\u00f3n de sus comisiones de trabajo"},"content":{"rendered":"<p class=\"x_MsoNormal\"><span data-olk-copy-source=\"MessageBody\">Luego de atender las adendas y fe de erratas presentadas, el Consejo General del Instituto Nacional Electoral (INE) actualiz\u00f3 la nueva integraci\u00f3n y las presidencias de las Comisiones Permanentes, Temporales y otros \u00f3rganos, dentro del contexto de renovaci\u00f3n que vive el Instituto.<\/span><\/p>\n<p class=\"x_MsoNormal\">\n<p class=\"x_MsoNormal\">La instituci\u00f3n reitera que la definici\u00f3n de estas integraciones y presidencias constituyen una etapa central para la organizaci\u00f3n interna, toda vez que estos son los espacios a trav\u00e9s de los cuales se analizan, dictaminan y preparan diversos asuntos que posteriormente se someter\u00e1n a consideraci\u00f3n del Consejo General.<\/p>\n<p class=\"x_MsoNormal\">Con base en la actualizaci\u00f3n la nueva integraci\u00f3n es la siguiente:<\/p>\n<p class=\"x_MsoNormal\">\n<p class=\"x_MsoNormal\" align=\"center\"><b>I. COMISIONES PERMANENTES<\/b><\/p>\n<p class=\"x_MsoNormal\"><b>\u00a0<\/b><\/p>\n<p class=\"x_MsoNormal\"><b>Comisi\u00f3n de Organizaci\u00f3n Electoral<\/b><\/p>\n<p class=\"x_MsoNormal\">\n<div align=\"center\">\n<div class=\"R1UVb\">\n<div class=\"qF8_5\"><button class=\"fui-Button r1f29ykk wD8TJ ___1cf351u f1c21dwh f1p3nwhy f11589ue f1q5o8ev f1pdflbu fkfq4zb fjxutwb f1s2uweq fr80ssc f1ukrpxl fecsdlb f139oj5f ft1hn21 fuxngvv fkoldzo fhvnf4x fb6swo4 f1klyf7k f232fm2 f1l983o9 f1nhwcv0 f1gm6xmp fxoo9op f1v3eptx f1i0gk12 fd4bjan f18ktai2 fwbmr0d f44c6la\" title=\"Mostrar tama\u00f1o original\" type=\"button\" aria-label=\"Mostrar tama\u00f1o original\"><span class=\"fui-Button__icon rywnvv2\"><i class=\"fui-Icon-font ___qaf4230 f14t3ns0 fne0op0 fmd4ok8 f303qgw f1sxfq9t\" aria-hidden=\"true\">\ue113<\/i><\/span><\/button><\/div>\n<table class=\"x_MsoNormalTable\" border=\"0\" width=\"511\" cellspacing=\"0\" cellpadding=\"0\">\n<tbody>\n<tr>\n<td valign=\"top\" width=\"407\">\n<p class=\"x_MsoNormal\"><b>Nombre<\/b><b><\/b><\/p>\n<\/td>\n<td valign=\"top\" width=\"104\">\n<p class=\"x_MsoNormal\"><b>Cargo<\/b><b><\/b><\/p>\n<\/td>\n<\/tr>\n<tr>\n<td valign=\"top\" width=\"407\">\n<p class=\"x_MsoNormal\"><b><span lang=\"PT-BR\">Jos\u00e9 Mart\u00edn Fernando Faz Mora<\/span><\/b><\/p>\n<\/td>\n<td valign=\"top\" width=\"104\">\n<p class=\"x_MsoNormal\"><b>Presidencia<\/b><\/p>\n<\/td>\n<\/tr>\n<tr>\n<td valign=\"top\" width=\"407\">\n<p class=\"x_MsoNormal\"><b>Arturo Manuel Ch\u00e1vez L\u00f3pez<\/b><\/p>\n<\/td>\n<td valign=\"top\" width=\"104\">\n<p class=\"x_MsoNormal\">Integrante<\/p>\n<\/td>\n<\/tr>\n<tr>\n<td valign=\"top\" width=\"407\">\n<p class=\"x_MsoNormal\"><b>Blanca Yassahara Cruz Garc\u00eda<\/b><\/p>\n<\/td>\n<td valign=\"top\" width=\"104\">\n<p class=\"x_MsoNormal\">Integrante<\/p>\n<\/td>\n<\/tr>\n<tr>\n<td valign=\"top\" width=\"407\">\n<p class=\"x_MsoNormal\"><b>Persona Titular y\/o Encargada de Despacho de la Direcci\u00f3n Ejecutiva de Organizaci\u00f3n Electoral<\/b><\/p>\n<\/td>\n<td valign=\"top\" width=\"104\">\n<p class=\"x_MsoNormal\">Secretar\u00eda<\/p>\n<p class=\"x_MsoNormal\">T\u00e9cnica<\/p>\n<\/td>\n<\/tr>\n<tr>\n<td valign=\"top\" width=\"407\">\n<p class=\"x_MsoNormal\"><b>Consejeras y Consejeros del Poder Legislativo<\/b><\/p>\n<p class=\"x_MsoNormal\"><b>Representantes de los Partidos Pol\u00edticos<\/b><\/p>\n<\/td>\n<td valign=\"top\" width=\"104\">\n<p class=\"x_MsoNormal\">\n<\/td>\n<\/tr>\n<\/tbody>\n<\/table>\n<\/div>\n<\/div>\n<p class=\"x_MsoNormal\">\n<p class=\"x_MsoNormal\"><b>\u00a0<\/b><\/p>\n<p class=\"x_MsoNormal\"><b>Comisi\u00f3n de Fiscalizaci\u00f3n<\/b><\/p>\n<p class=\"x_MsoNormal\">\n<div align=\"center\">\n<div class=\"R1UVb\">\n<div class=\"qF8_5\"><button class=\"fui-Button r1f29ykk wD8TJ ___1cf351u f1c21dwh f1p3nwhy f11589ue f1q5o8ev f1pdflbu fkfq4zb fjxutwb f1s2uweq fr80ssc f1ukrpxl fecsdlb f139oj5f ft1hn21 fuxngvv fkoldzo fhvnf4x fb6swo4 f1klyf7k f232fm2 f1l983o9 f1nhwcv0 f1gm6xmp fxoo9op f1v3eptx f1i0gk12 fd4bjan f18ktai2 fwbmr0d f44c6la\" title=\"Mostrar tama\u00f1o original\" type=\"button\" aria-label=\"Mostrar tama\u00f1o original\"><span class=\"fui-Button__icon rywnvv2\"><i class=\"fui-Icon-font ___qaf4230 f14t3ns0 fne0op0 fmd4ok8 f303qgw f1sxfq9t\" aria-hidden=\"true\">\ue113<\/i><\/span><\/button><\/div>\n<table class=\"x_MsoNormalTable\" border=\"0\" width=\"510\" cellspacing=\"0\" cellpadding=\"0\">\n<tbody>\n<tr>\n<td valign=\"top\" width=\"406\">\n<p class=\"x_MsoNormal\"><b>Nombre<\/b><b><\/b><\/p>\n<\/td>\n<td valign=\"top\" width=\"104\">\n<p class=\"x_MsoNormal\"><b>Cargo<\/b><b><\/b><\/p>\n<\/td>\n<\/tr>\n<tr>\n<td valign=\"top\" width=\"406\">\n<p class=\"x_MsoNormal\"><b><span lang=\"PT-BR\">Uuc-kib Espadas Ancona<\/span><\/b><\/p>\n<\/td>\n<td valign=\"top\" width=\"104\">\n<p class=\"x_MsoNormal\"><b>Presidencia<\/b><\/p>\n<\/td>\n<\/tr>\n<tr>\n<td valign=\"top\" width=\"406\">\n<p class=\"x_MsoNormal\"><b><span lang=\"PT-BR\">Frida Denisse G\u00f3mez Puga<\/span><\/b><\/p>\n<\/td>\n<td valign=\"top\" width=\"104\">\n<p class=\"x_MsoNormal\">Integrante<\/p>\n<\/td>\n<\/tr>\n<tr>\n<td valign=\"top\" width=\"406\">\n<p class=\"x_MsoNormal\"><b>Carla Astrid Humphrey Jordan<\/b><\/p>\n<\/td>\n<td valign=\"top\" width=\"104\">\n<p class=\"x_MsoNormal\">Integrante<\/p>\n<\/td>\n<\/tr>\n<tr>\n<td valign=\"top\" width=\"406\">\n<p class=\"x_MsoNormal\"><b>Jorge Monta\u00f1o Ventura<\/b><\/p>\n<\/td>\n<td valign=\"top\" width=\"104\">\n<p class=\"x_MsoNormal\">Integrante<\/p>\n<\/td>\n<\/tr>\n<tr>\n<td valign=\"top\" width=\"406\">\n<p class=\"x_MsoNormal\"><b>Arturo Manuel Ch\u00e1vez L\u00f3pez<\/b><\/p>\n<\/td>\n<td valign=\"top\" width=\"104\">\n<p class=\"x_MsoNormal\">Integrante<\/p>\n<\/td>\n<\/tr>\n<tr>\n<td valign=\"top\" width=\"406\">\n<p class=\"x_MsoNormal\"><b>Titular y\/o Encargado de la Unidad T\u00e9cnica de Fiscalizaci\u00f3n<\/b><\/p>\n<\/td>\n<td valign=\"top\" width=\"104\">\n<p class=\"x_MsoNormal\">Secretar\u00eda<\/p>\n<p class=\"x_MsoNormal\">T\u00e9cnica<\/p>\n<\/td>\n<\/tr>\n<\/tbody>\n<\/table>\n<\/div>\n<\/div>\n<p class=\"x_MsoNormal\"><b>\u00a0<\/b><\/p>\n<p class=\"x_MsoNormal\"><b>Comisi\u00f3n de Capacitaci\u00f3n Electoral y Educaci\u00f3n C\u00edvica<\/b><\/p>\n<p class=\"x_MsoNormal\">\n<div align=\"center\">\n<div class=\"R1UVb\">\n<div class=\"qF8_5\"><button class=\"fui-Button r1f29ykk wD8TJ ___1cf351u f1c21dwh f1p3nwhy f11589ue f1q5o8ev f1pdflbu fkfq4zb fjxutwb f1s2uweq fr80ssc f1ukrpxl fecsdlb f139oj5f ft1hn21 fuxngvv fkoldzo fhvnf4x fb6swo4 f1klyf7k f232fm2 f1l983o9 f1nhwcv0 f1gm6xmp fxoo9op f1v3eptx f1i0gk12 fd4bjan f18ktai2 fwbmr0d f44c6la\" title=\"Mostrar tama\u00f1o original\" type=\"button\" aria-label=\"Mostrar tama\u00f1o original\"><span class=\"fui-Button__icon rywnvv2\"><i class=\"fui-Icon-font ___qaf4230 f14t3ns0 fne0op0 fmd4ok8 f303qgw f1sxfq9t\" aria-hidden=\"true\">\ue113<\/i><\/span><\/button><\/div>\n<table class=\"x_MsoNormalTable\" border=\"0\" width=\"496\" cellspacing=\"0\" cellpadding=\"0\">\n<tbody>\n<tr>\n<td valign=\"top\" width=\"350\">\n<p class=\"x_MsoNormal\"><b>Nombre<\/b><b><\/b><\/p>\n<\/td>\n<td valign=\"top\" width=\"146\">\n<p class=\"x_MsoNormal\"><b>Cargo<\/b><b><\/b><\/p>\n<\/td>\n<\/tr>\n<tr>\n<td valign=\"top\" width=\"350\">\n<p class=\"x_MsoNormal\"><b><span lang=\"PT-BR\">Uuc-kib Espadas Ancona<\/span><\/b><\/p>\n<\/td>\n<td valign=\"top\" width=\"146\">\n<p class=\"x_MsoNormal\"><b>Presidencia<\/b><\/p>\n<\/td>\n<\/tr>\n<tr>\n<td valign=\"top\" width=\"350\">\n<p class=\"x_MsoNormal\"><b>Carla Astrid Humphrey Jordan<\/b><\/p>\n<\/td>\n<td valign=\"top\" width=\"146\">\n<p class=\"x_MsoNormal\">Integrante<\/p>\n<\/td>\n<\/tr>\n<tr>\n<td valign=\"top\" width=\"350\">\n<p class=\"x_MsoNormal\"><b><span lang=\"PT-BR\">Norma Irene De La Cruz Maga\u00f1a<\/span><\/b><b><\/b><\/p>\n<\/td>\n<td valign=\"top\" width=\"146\">\n<p class=\"x_MsoNormal\">Integrante<\/p>\n<\/td>\n<\/tr>\n<tr>\n<td valign=\"top\" width=\"350\">\n<p class=\"x_MsoNormal\"><b>Arturo Manuel Ch\u00e1vez L\u00f3pez<\/b><\/p>\n<\/td>\n<td valign=\"top\" width=\"146\">\n<p class=\"x_MsoNormal\">Integrante<\/p>\n<\/td>\n<\/tr>\n<tr>\n<td valign=\"top\" width=\"350\">\n<p class=\"x_MsoNormal\"><b>Frida Denisse G\u00f3mez Puga<\/b><\/p>\n<\/td>\n<td valign=\"top\" width=\"146\">\n<p class=\"x_MsoNormal\"><span lang=\"PT\">Integrante<\/span><\/p>\n<\/td>\n<\/tr>\n<tr>\n<td valign=\"top\" width=\"350\">\n<p class=\"x_MsoNormal\"><b>Titular y\/o Encargada de despacho de la Direcci\u00f3n Ejecutiva de Capacitaci\u00f3n Electoral y Educaci\u00f3n C\u00edvica<\/b><\/p>\n<\/td>\n<td valign=\"top\" width=\"146\">\n<p class=\"x_MsoNormal\">Secretar\u00eda<\/p>\n<p class=\"x_MsoNormal\">T\u00e9cnica<\/p>\n<\/td>\n<\/tr>\n<tr>\n<td valign=\"top\" width=\"350\">\n<p class=\"x_MsoNormal\"><b>Consejeras y Consejeros del Poder Legislativo<\/b><\/p>\n<p class=\"x_MsoNormal\"><b>Representantes de los Partidos Pol\u00edticos<\/b><\/p>\n<\/td>\n<td valign=\"top\" width=\"146\">\n<p class=\"x_MsoNormal\">\n<\/td>\n<\/tr>\n<\/tbody>\n<\/table>\n<\/div>\n<\/div>\n<p class=\"x_MsoNormal\">\n<p class=\"x_MsoNormal\"><b>\u00a0<\/b><\/p>\n<p class=\"x_MsoNormal\"><b>Comisi\u00f3n de Prerrogativas y Partidos Pol\u00edticos, y Comit\u00e9 de Radio y Televisi\u00f3n<\/b><\/p>\n<p class=\"x_MsoNormal\">\n<div align=\"center\">\n<div class=\"R1UVb\">\n<div class=\"qF8_5\"><button class=\"fui-Button r1f29ykk wD8TJ ___1cf351u f1c21dwh f1p3nwhy f11589ue f1q5o8ev f1pdflbu fkfq4zb fjxutwb f1s2uweq fr80ssc f1ukrpxl fecsdlb f139oj5f ft1hn21 fuxngvv fkoldzo fhvnf4x fb6swo4 f1klyf7k f232fm2 f1l983o9 f1nhwcv0 f1gm6xmp fxoo9op f1v3eptx f1i0gk12 fd4bjan f18ktai2 fwbmr0d f44c6la\" title=\"Mostrar tama\u00f1o original\" type=\"button\" aria-label=\"Mostrar tama\u00f1o original\"><span class=\"fui-Button__icon rywnvv2\"><i class=\"fui-Icon-font ___qaf4230 f14t3ns0 fne0op0 fmd4ok8 f303qgw f1sxfq9t\" aria-hidden=\"true\">\ue113<\/i><\/span><\/button><\/div>\n<table class=\"x_MsoNormalTable\" border=\"0\" cellspacing=\"0\" cellpadding=\"0\">\n<tbody>\n<tr>\n<td valign=\"top\" width=\"369\">\n<p class=\"x_MsoNormal\"><b>Nombre<\/b><b><\/b><\/p>\n<\/td>\n<td valign=\"top\" width=\"123\">\n<p class=\"x_MsoNormal\"><b>Cargo<\/b><b><\/b><\/p>\n<\/td>\n<\/tr>\n<tr>\n<td valign=\"top\" width=\"369\">\n<p class=\"x_MsoNormal\"><b>Norma Irene De La Cruz Maga\u00f1a<\/b><\/p>\n<\/td>\n<td valign=\"top\" width=\"123\">\n<p class=\"x_MsoNormal\"><b>Presidencia<\/b><\/p>\n<\/td>\n<\/tr>\n<tr>\n<td valign=\"top\" width=\"369\">\n<p class=\"x_MsoNormal\"><b>Carla Astrid Humphrey Jordan<\/b><\/p>\n<\/td>\n<td valign=\"top\" width=\"123\">\n<p class=\"x_MsoNormal\">Integrante<\/p>\n<\/td>\n<\/tr>\n<tr>\n<td valign=\"top\" width=\"369\">\n<p class=\"x_MsoNormal\"><b><span lang=\"PT\">Uuc-kib Espadas Ancona<\/span><\/b><b><\/b><\/p>\n<\/td>\n<td valign=\"top\" width=\"123\">\n<p class=\"x_MsoNormal\">Integrante<\/p>\n<\/td>\n<\/tr>\n<tr>\n<td valign=\"top\" width=\"369\">\n<p class=\"x_MsoNormal\"><b>Arturo Castillo Loza<\/b><b><\/b><\/p>\n<\/td>\n<td valign=\"top\" width=\"123\">\n<p class=\"x_MsoNormal\">Integrante<\/p>\n<\/td>\n<\/tr>\n<tr>\n<td valign=\"top\" width=\"369\">\n<p class=\"x_MsoNormal\"><b>Arturo Manuel Ch\u00e1vez L\u00f3pez<\/b><\/p>\n<\/td>\n<td valign=\"top\" width=\"123\">\n<p class=\"x_MsoNormal\">Integrante<\/p>\n<\/td>\n<\/tr>\n<tr>\n<td valign=\"top\" width=\"369\">\n<p class=\"x_MsoNormal\"><b>Titular y\/o Encargada de despacho de la Direcci\u00f3n Ejecutiva de Prerrogativas y Partidos Pol\u00edticos<\/b><\/p>\n<\/td>\n<td valign=\"top\" width=\"123\">\n<p class=\"x_MsoNormal\">Secretar\u00eda<\/p>\n<p class=\"x_MsoNormal\">T\u00e9cnica<\/p>\n<\/td>\n<\/tr>\n<\/tbody>\n<\/table>\n<\/div>\n<\/div>\n<p class=\"x_MsoNormal\">\n<p class=\"x_MsoNormal\"><b>Comisi\u00f3n del Registro Federal de Electores<\/b><\/p>\n<p class=\"x_MsoNormal\"><b>\u00a0<\/b><\/p>\n<div align=\"center\">\n<div class=\"R1UVb\">\n<div class=\"qF8_5\"><button class=\"fui-Button r1f29ykk wD8TJ ___1cf351u f1c21dwh f1p3nwhy f11589ue f1q5o8ev f1pdflbu fkfq4zb fjxutwb f1s2uweq fr80ssc f1ukrpxl fecsdlb f139oj5f ft1hn21 fuxngvv fkoldzo fhvnf4x fb6swo4 f1klyf7k f232fm2 f1l983o9 f1nhwcv0 f1gm6xmp fxoo9op f1v3eptx f1i0gk12 fd4bjan f18ktai2 fwbmr0d f44c6la\" title=\"Mostrar tama\u00f1o original\" type=\"button\" aria-label=\"Mostrar tama\u00f1o original\"><span class=\"fui-Button__icon rywnvv2\"><i class=\"fui-Icon-font ___qaf4230 f14t3ns0 fne0op0 fmd4ok8 f303qgw f1sxfq9t\" aria-hidden=\"true\">\ue113<\/i><\/span><\/button><\/div>\n<table class=\"x_MsoNormalTable\" border=\"0\" cellspacing=\"0\" cellpadding=\"0\">\n<tbody>\n<tr>\n<td valign=\"top\" width=\"359\">\n<p class=\"x_MsoNormal\"><b>Nombre<\/b><b><\/b><\/p>\n<\/td>\n<td valign=\"top\" width=\"142\">\n<p class=\"x_MsoNormal\"><b>Cargo<\/b><b><\/b><\/p>\n<\/td>\n<\/tr>\n<tr>\n<td valign=\"top\" width=\"359\">\n<p class=\"x_MsoNormal\"><b>Carla Astrid Humphrey Jordan<\/b><\/p>\n<\/td>\n<td valign=\"top\" width=\"142\">\n<p class=\"x_MsoNormal\"><b>Presidencia<\/b><\/p>\n<\/td>\n<\/tr>\n<tr>\n<td valign=\"top\" width=\"359\">\n<p class=\"x_MsoNormal\"><b>Norma Irene De La Cruz Maga\u00f1a<\/b><\/p>\n<\/td>\n<td valign=\"top\" width=\"142\">\n<p class=\"x_MsoNormal\">Integrante<\/p>\n<\/td>\n<\/tr>\n<tr>\n<td valign=\"top\" width=\"359\">\n<p class=\"x_MsoNormal\"><b>Arturo Castillo Loza<\/b><\/p>\n<\/td>\n<td valign=\"top\" width=\"142\">\n<p class=\"x_MsoNormal\">Integrante<\/p>\n<\/td>\n<\/tr>\n<tr>\n<td valign=\"top\" width=\"359\">\n<p class=\"x_MsoNormal\"><b>Jorge Monta\u00f1o Ventura<\/b><\/p>\n<\/td>\n<td valign=\"top\" width=\"142\">\n<p class=\"x_MsoNormal\">Integrante<\/p>\n<\/td>\n<\/tr>\n<tr>\n<td valign=\"top\" width=\"359\">\n<p class=\"x_MsoNormal\"><b>Blanca Yassahara Cruz Garc\u00eda<\/b><\/p>\n<\/td>\n<td valign=\"top\" width=\"142\">\n<p class=\"x_MsoNormal\">Integrante<\/p>\n<\/td>\n<\/tr>\n<tr>\n<td valign=\"top\" width=\"359\">\n<p class=\"x_MsoNormal\"><b>Titular y\/o Encargado de la Direcci\u00f3n Ejecutiva del Registro Federal de Electores<\/b><\/p>\n<\/td>\n<td valign=\"top\" width=\"142\">\n<p class=\"x_MsoNormal\">Secretar\u00eda<\/p>\n<p class=\"x_MsoNormal\">T\u00e9cnica<\/p>\n<\/td>\n<\/tr>\n<tr>\n<td valign=\"top\" width=\"359\">\n<p class=\"x_MsoNormal\"><b>Consejeras y Consejeros del Poder Legislativo<\/b><\/p>\n<p class=\"x_MsoNormal\"><b>Representantes de los Partidos Pol\u00edticos<\/b><\/p>\n<\/td>\n<td valign=\"top\" width=\"142\">\n<p class=\"x_MsoNormal\">\n<\/td>\n<\/tr>\n<\/tbody>\n<\/table>\n<\/div>\n<\/div>\n<p class=\"x_MsoNormal\">\n<p class=\"x_MsoNormal\">\n<p class=\"x_MsoNormal\"><b>Comisi\u00f3n de Igualdad de G\u00e9nero y No Discriminaci\u00f3n<\/b><\/p>\n<p class=\"x_MsoNormal\"><b>\u00a0<\/b><\/p>\n<div align=\"center\">\n<div class=\"R1UVb\">\n<div class=\"qF8_5\"><button class=\"fui-Button r1f29ykk wD8TJ ___1cf351u f1c21dwh f1p3nwhy f11589ue f1q5o8ev f1pdflbu fkfq4zb fjxutwb f1s2uweq fr80ssc f1ukrpxl fecsdlb f139oj5f ft1hn21 fuxngvv fkoldzo fhvnf4x fb6swo4 f1klyf7k f232fm2 f1l983o9 f1nhwcv0 f1gm6xmp fxoo9op f1v3eptx f1i0gk12 fd4bjan f18ktai2 fwbmr0d f44c6la\" title=\"Mostrar tama\u00f1o original\" type=\"button\" aria-label=\"Mostrar tama\u00f1o original\"><span class=\"fui-Button__icon rywnvv2\"><i class=\"fui-Icon-font ___qaf4230 f14t3ns0 fne0op0 fmd4ok8 f303qgw f1sxfq9t\" aria-hidden=\"true\">\ue113<\/i><\/span><\/button><\/div>\n<table class=\"x_MsoNormalTable\" border=\"0\" width=\"501\" cellspacing=\"0\" cellpadding=\"0\">\n<tbody>\n<tr>\n<td valign=\"top\" width=\"358\">\n<p class=\"x_MsoNormal\"><b>Nombre<\/b><b><\/b><\/p>\n<\/td>\n<td valign=\"top\" width=\"142\">\n<p class=\"x_MsoNormal\"><b>Cargo<\/b><b><\/b><\/p>\n<\/td>\n<\/tr>\n<tr>\n<td valign=\"top\" width=\"358\">\n<p class=\"x_MsoNormal\"><b>Rita Bell L\u00f3pez Vences<\/b><\/p>\n<\/td>\n<td valign=\"top\" width=\"142\">\n<p class=\"x_MsoNormal\"><b>Presidencia<\/b><\/p>\n<\/td>\n<\/tr>\n<tr>\n<td valign=\"top\" width=\"358\">\n<p class=\"x_MsoNormal\"><b>Arturo Castillo Loza<\/b><\/p>\n<\/td>\n<td valign=\"top\" width=\"142\">\n<p class=\"x_MsoNormal\">Integrante<\/p>\n<\/td>\n<\/tr>\n<tr>\n<td valign=\"top\" width=\"358\">\n<p class=\"x_MsoNormal\"><b>Jorge Monta\u00f1o Ventura<\/b><\/p>\n<\/td>\n<td valign=\"top\" width=\"142\">\n<p class=\"x_MsoNormal\">Integrante<\/p>\n<\/td>\n<\/tr>\n<tr>\n<td valign=\"top\" width=\"358\">\n<p class=\"x_MsoNormal\"><b>Frida Denisse G\u00f3mez Puga<\/b><\/p>\n<\/td>\n<td valign=\"top\" width=\"142\">\n<p class=\"x_MsoNormal\">Integrante<\/p>\n<\/td>\n<\/tr>\n<tr>\n<td valign=\"top\" width=\"358\">\n<p class=\"x_MsoNormal\"><b>Titular y\/o Encargada de la Unidad T\u00e9cnica de Igualdad de G\u00e9nero y no Discriminaci\u00f3n<\/b><\/p>\n<\/td>\n<td valign=\"top\" width=\"142\">\n<p class=\"x_MsoNormal\">Secretar\u00eda<\/p>\n<p class=\"x_MsoNormal\">T\u00e9cnica<\/p>\n<\/td>\n<\/tr>\n<tr>\n<td valign=\"top\" width=\"358\">\n<p class=\"x_MsoNormal\"><b>Consejeras y Consejeros del Poder Legislativo<\/b><\/p>\n<p class=\"x_MsoNormal\"><b>Representantes de los Partidos Pol\u00edticos<\/b><\/p>\n<\/td>\n<td valign=\"top\" width=\"142\">\n<p class=\"x_MsoNormal\">\n<\/td>\n<\/tr>\n<\/tbody>\n<\/table>\n<\/div>\n<\/div>\n<p class=\"x_MsoNormal\">\n<p class=\"x_MsoNormal\">\n<div align=\"center\">\n<div class=\"R1UVb\">\n<div class=\"qF8_5\"><button class=\"fui-Button r1f29ykk wD8TJ ___1cf351u f1c21dwh f1p3nwhy f11589ue f1q5o8ev f1pdflbu fkfq4zb fjxutwb f1s2uweq fr80ssc f1ukrpxl fecsdlb f139oj5f ft1hn21 fuxngvv fkoldzo fhvnf4x fb6swo4 f1klyf7k f232fm2 f1l983o9 f1nhwcv0 f1gm6xmp fxoo9op f1v3eptx f1i0gk12 fd4bjan f18ktai2 fwbmr0d f44c6la\" title=\"Mostrar tama\u00f1o original\" type=\"button\" aria-label=\"Mostrar tama\u00f1o original\"><span class=\"fui-Button__icon rywnvv2\"><i class=\"fui-Icon-font ___qaf4230 f14t3ns0 fne0op0 fmd4ok8 f303qgw f1sxfq9t\" aria-hidden=\"true\">\ue113<\/i><\/span><\/button><\/div>\n<table class=\"x_MsoNormalTable\" border=\"0\" width=\"517\" cellspacing=\"0\" cellpadding=\"0\">\n<tbody>\n<tr>\n<td valign=\"top\" width=\"517\">\n<p class=\"x_MsoNormal\"><b>Comisi\u00f3n de Quejas y Denuncias<\/b><\/p>\n<p class=\"x_MsoNormal\">\n<table class=\"x_MsoNormalTable\" border=\"0\" width=\"510\" cellspacing=\"0\" cellpadding=\"0\">\n<tbody>\n<tr>\n<td valign=\"top\" width=\"369\">\n<p class=\"x_MsoNormal\"><b>Nombre<\/b><b><\/b><\/p>\n<\/td>\n<td valign=\"top\" width=\"142\">\n<p class=\"x_MsoNormal\"><b>Cargo<\/b><b><\/b><\/p>\n<\/td>\n<\/tr>\n<tr>\n<td valign=\"top\" width=\"369\">\n<p class=\"x_MsoNormal\"><b>Arturo Castillo Loza<\/b><\/p>\n<\/td>\n<td valign=\"top\" width=\"142\">\n<p class=\"x_MsoNormal\"><b>Presidencia<\/b><\/p>\n<\/td>\n<\/tr>\n<tr>\n<td valign=\"top\" width=\"369\">\n<p class=\"x_MsoNormal\"><b>Rita Bell L\u00f3pez Vences<\/b><\/p>\n<\/td>\n<td valign=\"top\" width=\"142\">\n<p class=\"x_MsoNormal\">Integrante<\/p>\n<\/td>\n<\/tr>\n<tr>\n<td valign=\"top\" width=\"369\">\n<p class=\"x_MsoNormal\"><b>Frida Denisse G\u00f3mez Puga<\/b><\/p>\n<\/td>\n<td valign=\"top\" width=\"142\">\n<p class=\"x_MsoNormal\">Integrante<\/p>\n<\/td>\n<\/tr>\n<tr>\n<td valign=\"top\" width=\"369\">\n<p class=\"x_MsoNormal\"><b>Titular y\/o Encargado de despacho de la Titular de la Unidad T\u00e9cnica de lo Contencioso Electoral<\/b><\/p>\n<\/td>\n<td valign=\"top\" width=\"142\">\n<p class=\"x_MsoNormal\">Secretar\u00eda<\/p>\n<p class=\"x_MsoNormal\">T\u00e9cnica<\/p>\n<\/td>\n<\/tr>\n<\/tbody>\n<\/table>\n<p class=\"x_MsoNormal\">\n<\/td>\n<\/tr>\n<tr>\n<td valign=\"top\" width=\"517\">\n<p class=\"x_MsoNormal\"><b>\u00a0<\/b><\/p>\n<p class=\"x_MsoNormal\"><b>\u00a0<\/b><\/p>\n<p class=\"x_MsoNormal\"><b>Comisi\u00f3n de Vinculaci\u00f3n con Organismos P\u00fablicos Locales<\/b><\/p>\n<p class=\"x_MsoNormal\">\n<table class=\"x_MsoNormalTable\" border=\"0\" width=\"505\" cellspacing=\"0\" cellpadding=\"0\">\n<tbody>\n<tr>\n<td valign=\"top\" width=\"323\">\n<p class=\"x_MsoNormal\"><b>Nombre<\/b><b><\/b><\/p>\n<\/td>\n<td valign=\"top\" width=\"182\">\n<p class=\"x_MsoNormal\"><b>Cargo<\/b><b><\/b><\/p>\n<\/td>\n<\/tr>\n<tr>\n<td valign=\"top\" width=\"323\">\n<p class=\"x_MsoNormal\"><b><span lang=\"PT\">Jorge Monta\u00f1o Ventura<\/span><\/b><b><\/b><\/p>\n<\/td>\n<td valign=\"top\" width=\"182\">\n<p class=\"x_MsoNormal\"><b>Presidencia<\/b><\/p>\n<\/td>\n<\/tr>\n<tr>\n<td valign=\"top\" width=\"323\">\n<p class=\"x_MsoNormal\"><b><span lang=\"PT\">Jos\u00e9 Mart\u00edn Fernando Faz Mora<\/span><\/b><b><\/b><\/p>\n<\/td>\n<td valign=\"top\" width=\"182\">\n<p class=\"x_MsoNormal\">Integrante<\/p>\n<\/td>\n<\/tr>\n<tr>\n<td valign=\"top\" width=\"323\">\n<p class=\"x_MsoNormal\"><b><span lang=\"PT\">Norma Irene De La Cruz Maga\u00f1a<\/span><\/b><b><\/b><\/p>\n<\/td>\n<td valign=\"top\" width=\"182\">\n<p class=\"x_MsoNormal\">Integrante<\/p>\n<\/td>\n<\/tr>\n<tr>\n<td valign=\"top\" width=\"323\">\n<p class=\"x_MsoNormal\"><b>Blanca Yassahara Cruz Garc\u00eda<\/b><\/p>\n<\/td>\n<td valign=\"top\" width=\"182\">\n<p class=\"x_MsoNormal\">Integrante<\/p>\n<\/td>\n<\/tr>\n<tr>\n<td valign=\"top\" width=\"323\">\n<p class=\"x_MsoNormal\"><b>Titular y\/o Encargado de la Unidad T\u00e9cnica de Vinculaci\u00f3n con Organismos P\u00fablicos Locales<\/b><\/p>\n<\/td>\n<td valign=\"top\" width=\"182\">\n<p class=\"x_MsoNormal\">Secretar\u00eda<\/p>\n<p class=\"x_MsoNormal\">T\u00e9cnica<\/p>\n<\/td>\n<\/tr>\n<tr>\n<td valign=\"top\" width=\"323\">\n<p class=\"x_MsoNormal\"><b>Consejeras y Consejeros del Poder Legislativo<\/b><\/p>\n<p class=\"x_MsoNormal\"><b>Representantes de los Partidos Pol\u00edticos<\/b><\/p>\n<\/td>\n<td valign=\"top\" width=\"182\">\n<p class=\"x_MsoNormal\">\n<\/td>\n<\/tr>\n<\/tbody>\n<\/table>\n<p class=\"x_MsoNormal\">\n<\/td>\n<\/tr>\n<\/tbody>\n<\/table>\n<\/div>\n<\/div>\n<p class=\"x_MsoNormal\">\n<p class=\"x_MsoNormal\">\n<p class=\"x_MsoNormal\">\n<p class=\"x_MsoNormal\"><b>\u00a0<\/b><\/p>\n<p class=\"x_MsoNormal\" align=\"center\"><b>II. COMISIONES TEMPORALES<\/b><\/p>\n<p class=\"x_MsoNormal\">\n<p class=\"x_MsoNormal\"><b>Comisi\u00f3n Temporal para el seguimiento de los procesos electorales locales 2025- 2026<\/b><\/p>\n<p class=\"x_MsoNormal\">\n<div align=\"center\">\n<div class=\"R1UVb\">\n<div class=\"qF8_5\"><button class=\"fui-Button r1f29ykk wD8TJ ___1cf351u f1c21dwh f1p3nwhy f11589ue f1q5o8ev f1pdflbu fkfq4zb fjxutwb f1s2uweq fr80ssc f1ukrpxl fecsdlb f139oj5f ft1hn21 fuxngvv fkoldzo fhvnf4x fb6swo4 f1klyf7k f232fm2 f1l983o9 f1nhwcv0 f1gm6xmp fxoo9op f1v3eptx f1i0gk12 fd4bjan f18ktai2 fwbmr0d f44c6la\" title=\"Mostrar tama\u00f1o original\" type=\"button\" aria-label=\"Mostrar tama\u00f1o original\"><span class=\"fui-Button__icon rywnvv2\"><i class=\"fui-Icon-font ___qaf4230 f14t3ns0 fne0op0 fmd4ok8 f303qgw f1sxfq9t\" aria-hidden=\"true\">\ue113<\/i><\/span><\/button><\/div>\n<table class=\"x_MsoNormalTable\" border=\"0\" width=\"493\" cellspacing=\"0\" cellpadding=\"0\">\n<tbody>\n<tr>\n<td valign=\"top\" width=\"344\">\n<p class=\"x_MsoNormal\"><b>Nombre<\/b><b><\/b><\/p>\n<\/td>\n<td valign=\"top\" width=\"149\">\n<p class=\"x_MsoNormal\"><b>Cargo<\/b><b><\/b><\/p>\n<\/td>\n<\/tr>\n<tr>\n<td valign=\"top\" width=\"344\">\n<p class=\"x_MsoNormal\"><b>Carla Astrid Humphrey Jordan<\/b><\/p>\n<\/td>\n<td valign=\"top\" width=\"149\">\n<p class=\"x_MsoNormal\"><b>Presidencia<\/b><\/p>\n<\/td>\n<\/tr>\n<tr>\n<td valign=\"top\" width=\"344\">\n<p class=\"x_MsoNormal\"><b>Rita Bell L\u00f3pez Vences<\/b><\/p>\n<\/td>\n<td valign=\"top\" width=\"149\">\n<p class=\"x_MsoNormal\">Integrante<\/p>\n<\/td>\n<\/tr>\n<tr>\n<td valign=\"top\" width=\"344\">\n<p class=\"x_MsoNormal\"><b>Jorge Monta\u00f1o Ventura<\/b><\/p>\n<\/td>\n<td valign=\"top\" width=\"149\">\n<p class=\"x_MsoNormal\">Integrante<\/p>\n<\/td>\n<\/tr>\n<tr>\n<td valign=\"top\" width=\"344\">\n<p class=\"x_MsoNormal\"><b>Norma Irene De La Cruz Maga\u00f1a<\/b><b><\/b><\/p>\n<\/td>\n<td valign=\"top\" width=\"149\">\n<p class=\"x_MsoNormal\">Integrante<\/p>\n<\/td>\n<\/tr>\n<tr>\n<td valign=\"top\" width=\"344\">\n<p class=\"x_MsoNormal\"><b>Blanca Yassahara Cruz Garc\u00eda<\/b><\/p>\n<\/td>\n<td valign=\"top\" width=\"149\">\n<p class=\"x_MsoNormal\">Integrante<\/p>\n<\/td>\n<\/tr>\n<tr>\n<td valign=\"top\" width=\"344\">\n<p class=\"x_MsoNormal\"><b>Titular y\/o Encargado de la Direcci\u00f3n Ejecutiva de Organizaci\u00f3n Electoral<\/b><\/p>\n<\/td>\n<td valign=\"top\" width=\"149\">\n<p class=\"x_MsoNormal\">Secretar\u00eda<\/p>\n<p class=\"x_MsoNormal\">T\u00e9cnica<\/p>\n<\/td>\n<\/tr>\n<tr>\n<td valign=\"top\" width=\"344\">\n<p class=\"x_MsoNormal\"><b>Titular y\/o Encargada de la Direcci\u00f3n Ejecutiva de Capacitaci\u00f3n Electoral y Educaci\u00f3n C\u00edvica<\/b><\/p>\n<\/td>\n<td valign=\"top\" width=\"149\">\n<p class=\"x_MsoNormal\">Invitada permanente<\/p>\n<\/td>\n<\/tr>\n<tr>\n<td valign=\"top\" width=\"344\">\n<p class=\"x_MsoNormal\"><b>Titular y\/o Encargado de la Unidad T\u00e9cnica de Vinculaci\u00f3n con los Organismos P\u00fablicos Locales<\/b><\/p>\n<\/td>\n<td valign=\"top\" width=\"149\">\n<p class=\"x_MsoNormal\">Invitada permanente<\/p>\n<\/td>\n<\/tr>\n<tr>\n<td valign=\"top\" width=\"344\">\n<p class=\"x_MsoNormal\"><b>Titular y\/o Encargado de la Unidad T\u00e9cnica de Servicios de Inform\u00e1tica<\/b><\/p>\n<\/td>\n<td valign=\"top\" width=\"149\">\n<p class=\"x_MsoNormal\">Invitada permanente<\/p>\n<\/td>\n<\/tr>\n<tr>\n<td valign=\"top\" width=\"344\">\n<p class=\"x_MsoNormal\"><b>Consejeras y Consejeros del Poder Legislativo<\/b><\/p>\n<p class=\"x_MsoNormal\"><b>Representantes de los Partidos Pol\u00edticos<\/b><\/p>\n<\/td>\n<td valign=\"top\" width=\"149\">\n<p class=\"x_MsoNormal\">\n<\/td>\n<\/tr>\n<\/tbody>\n<\/table>\n<\/div>\n<\/div>\n<p class=\"x_MsoNormal\">\n<p class=\"x_MsoNormal\"><b>\u00a0<\/b><\/p>\n<p class=\"x_MsoNormal\"><b>Comisi\u00f3n Temporal del Voto de las y los Mexicanos Residentes en el Extranjero<\/b><\/p>\n<p class=\"x_MsoNormal\"><b>\u00a0<\/b><\/p>\n<div align=\"center\">\n<div class=\"R1UVb\">\n<div class=\"qF8_5\"><button class=\"fui-Button r1f29ykk wD8TJ ___1cf351u f1c21dwh f1p3nwhy f11589ue f1q5o8ev f1pdflbu fkfq4zb fjxutwb f1s2uweq fr80ssc f1ukrpxl fecsdlb f139oj5f ft1hn21 fuxngvv fkoldzo fhvnf4x fb6swo4 f1klyf7k f232fm2 f1l983o9 f1nhwcv0 f1gm6xmp fxoo9op f1v3eptx f1i0gk12 fd4bjan f18ktai2 fwbmr0d f44c6la\" title=\"Mostrar tama\u00f1o original\" type=\"button\" aria-label=\"Mostrar tama\u00f1o original\"><span class=\"fui-Button__icon rywnvv2\"><i class=\"fui-Icon-font ___qaf4230 f14t3ns0 fne0op0 fmd4ok8 f303qgw f1sxfq9t\" aria-hidden=\"true\">\ue113<\/i><\/span><\/button><\/div>\n<table class=\"x_MsoNormalTable\" border=\"0\" width=\"499\" cellspacing=\"0\" cellpadding=\"0\">\n<tbody>\n<tr>\n<td valign=\"top\" width=\"350\">\n<p class=\"x_MsoNormal\"><b>Nombre<\/b><b><\/b><\/p>\n<\/td>\n<td valign=\"top\" width=\"149\">\n<p class=\"x_MsoNormal\"><b>Cargo<\/b><b><\/b><\/p>\n<\/td>\n<\/tr>\n<tr>\n<td valign=\"top\" width=\"350\">\n<p class=\"x_MsoNormal\"><b>Jorge Monta\u00f1o Ventura<\/b><\/p>\n<\/td>\n<td valign=\"top\" width=\"149\">\n<p class=\"x_MsoNormal\"><b>Presidencia<\/b><\/p>\n<\/td>\n<\/tr>\n<tr>\n<td valign=\"top\" width=\"350\">\n<p class=\"x_MsoNormal\"><b><span lang=\"PT\">Uuc-kib Espadas Ancona<\/span><\/b><\/p>\n<\/td>\n<td valign=\"top\" width=\"149\">\n<p class=\"x_MsoNormal\">Integrante<\/p>\n<\/td>\n<\/tr>\n<tr>\n<td valign=\"top\" width=\"350\">\n<p class=\"x_MsoNormal\"><b>Norma Irene De La Cruz Maga\u00f1a<\/b><\/p>\n<\/td>\n<td valign=\"top\" width=\"149\">\n<p class=\"x_MsoNormal\">Integrante<\/p>\n<\/td>\n<\/tr>\n<tr>\n<td valign=\"top\" width=\"350\">\n<p class=\"x_MsoNormal\"><b>Carla Astrid Humphrey Jordan<\/b><\/p>\n<\/td>\n<td valign=\"top\" width=\"149\">\n<p class=\"x_MsoNormal\">Integrante<\/p>\n<\/td>\n<\/tr>\n<tr>\n<td valign=\"top\" width=\"350\">\n<p class=\"x_MsoNormal\"><b>Frida Denisse G\u00f3mez Puga<\/b><\/p>\n<\/td>\n<td valign=\"top\" width=\"149\">\n<p class=\"x_MsoNormal\">Integrante<\/p>\n<\/td>\n<\/tr>\n<tr>\n<td valign=\"top\" width=\"350\">\n<p class=\"x_MsoNormal\"><b>Titular y\/o Encargado de la Direcci\u00f3n Ejecutiva del Registro Federal de Electores<\/b><\/p>\n<\/td>\n<td valign=\"top\" width=\"149\">\n<p class=\"x_MsoNormal\">Secretar\u00eda<\/p>\n<p class=\"x_MsoNormal\">T\u00e9cnica<\/p>\n<\/td>\n<\/tr>\n<\/tbody>\n<\/table>\n<\/div>\n<\/div>\n<p class=\"x_MsoNormal\">\n<p class=\"x_MsoNormal\">\n<p class=\"x_MsoNormal\"><b>Comisi\u00f3n Temporal de Transparencia, Acceso a la Informaci\u00f3n y Protecci\u00f3n de Datos Personales<\/b><\/p>\n<p class=\"x_MsoNormal\"><b>\u00a0<\/b><\/p>\n<div align=\"center\">\n<div class=\"R1UVb\">\n<div class=\"qF8_5\"><button class=\"fui-Button r1f29ykk wD8TJ ___1cf351u f1c21dwh f1p3nwhy f11589ue f1q5o8ev f1pdflbu fkfq4zb fjxutwb f1s2uweq fr80ssc f1ukrpxl fecsdlb f139oj5f ft1hn21 fuxngvv fkoldzo fhvnf4x fb6swo4 f1klyf7k f232fm2 f1l983o9 f1nhwcv0 f1gm6xmp fxoo9op f1v3eptx f1i0gk12 fd4bjan f18ktai2 fwbmr0d f44c6la\" title=\"Mostrar tama\u00f1o original\" type=\"button\" aria-label=\"Mostrar tama\u00f1o original\"><span class=\"fui-Button__icon rywnvv2\"><i class=\"fui-Icon-font ___qaf4230 f14t3ns0 fne0op0 fmd4ok8 f303qgw f1sxfq9t\" aria-hidden=\"true\">\ue113<\/i><\/span><\/button><\/div>\n<table class=\"x_MsoNormalTable\" border=\"0\" width=\"501\" cellspacing=\"0\" cellpadding=\"0\">\n<tbody>\n<tr>\n<td valign=\"top\" width=\"349\">\n<p class=\"x_MsoNormal\"><b>Nombre<\/b><b><\/b><\/p>\n<\/td>\n<td valign=\"top\" width=\"151\">\n<p class=\"x_MsoNormal\"><b>Cargo<\/b><b><\/b><\/p>\n<\/td>\n<\/tr>\n<tr>\n<td valign=\"top\" width=\"349\">\n<p class=\"x_MsoNormal\"><b>Arturo Castillo Loza<\/b><\/p>\n<\/td>\n<td valign=\"top\" width=\"151\">\n<p class=\"x_MsoNormal\"><b>Presidencia<\/b><\/p>\n<\/td>\n<\/tr>\n<tr>\n<td valign=\"top\" width=\"349\">\n<p class=\"x_MsoNormal\"><b><span lang=\"PT\">Jos\u00e9 Mart\u00edn Fernando Faz Mora<\/span><\/b><\/p>\n<\/td>\n<td valign=\"top\" width=\"151\">\n<p class=\"x_MsoNormal\">Integrante<\/p>\n<\/td>\n<\/tr>\n<tr>\n<td valign=\"top\" width=\"349\">\n<p class=\"x_MsoNormal\"><b><span lang=\"PT\">Norma Irene De La Cruz Maga\u00f1a<\/span><\/b><b><\/b><\/p>\n<\/td>\n<td valign=\"top\" width=\"151\">\n<p class=\"x_MsoNormal\">Integrante<\/p>\n<\/td>\n<\/tr>\n<tr>\n<td valign=\"top\" width=\"349\">\n<p class=\"x_MsoNormal\"><b><span lang=\"PT\">Blanca Yassahara Cruz Garc\u00eda<\/span><\/b><\/p>\n<\/td>\n<td valign=\"top\" width=\"151\">\n<p class=\"x_MsoNormal\">Integrante<\/p>\n<\/td>\n<\/tr>\n<tr>\n<td valign=\"top\" width=\"349\">\n<p class=\"x_MsoNormal\"><b>Rita Bell L\u00f3pez Vences<\/b><\/p>\n<\/td>\n<td valign=\"top\" width=\"151\">\n<p class=\"x_MsoNormal\">Integrante<\/p>\n<\/td>\n<\/tr>\n<tr>\n<td valign=\"top\" width=\"349\">\n<p class=\"x_MsoNormal\"><b>Persona Titular y\/o Encargada de Despacho de la Unidad T\u00e9cnica de Transparencia y Protecci\u00f3n de Datos Personales<\/b><\/p>\n<\/td>\n<td valign=\"top\" width=\"151\">\n<p class=\"x_MsoNormal\">Secretar\u00eda T\u00e9cnica<\/p>\n<\/td>\n<\/tr>\n<\/tbody>\n<\/table>\n<\/div>\n<\/div>\n<p class=\"x_MsoNormal\"><b>\u00a0<\/b><\/p>\n<p class=\"x_MsoNormal\"><b>\u00a0<\/b><\/p>\n<p class=\"x_MsoNormal\"><b>Comisi\u00f3n Temporal de Presupuesto 2027<\/b><\/p>\n<p class=\"x_MsoNormal\">\n<div align=\"center\">\n<div class=\"R1UVb\">\n<div class=\"qF8_5\"><button class=\"fui-Button r1f29ykk wD8TJ ___1cf351u f1c21dwh f1p3nwhy f11589ue f1q5o8ev f1pdflbu fkfq4zb fjxutwb f1s2uweq fr80ssc f1ukrpxl fecsdlb f139oj5f ft1hn21 fuxngvv fkoldzo fhvnf4x fb6swo4 f1klyf7k f232fm2 f1l983o9 f1nhwcv0 f1gm6xmp fxoo9op f1v3eptx f1i0gk12 fd4bjan f18ktai2 fwbmr0d f44c6la\" title=\"Mostrar tama\u00f1o original\" type=\"button\" aria-label=\"Mostrar tama\u00f1o original\"><span class=\"fui-Button__icon rywnvv2\"><i class=\"fui-Icon-font ___qaf4230 f14t3ns0 fne0op0 fmd4ok8 f303qgw f1sxfq9t\" aria-hidden=\"true\">\ue113<\/i><\/span><\/button><\/div>\n<table class=\"x_MsoNormalTable\" border=\"0\" width=\"501\" cellspacing=\"0\" cellpadding=\"0\">\n<tbody>\n<tr>\n<td valign=\"top\" width=\"359\">\n<p class=\"x_MsoNormal\"><b>Nombre<\/b><b><\/b><\/p>\n<\/td>\n<td valign=\"top\" width=\"142\">\n<p class=\"x_MsoNormal\"><b>Cargo<\/b><b><\/b><\/p>\n<\/td>\n<\/tr>\n<tr>\n<td valign=\"top\" width=\"359\">\n<p class=\"x_MsoNormal\"><b><span lang=\"PT\">Jorge Monta\u00f1o Ventura<\/span><\/b><\/p>\n<\/td>\n<td valign=\"top\" width=\"142\">\n<p class=\"x_MsoNormal\"><b>Presidencia<\/b><\/p>\n<\/td>\n<\/tr>\n<tr>\n<td valign=\"top\" width=\"359\">\n<p class=\"x_MsoNormal\"><b>Norma Irene De La Cruz Maga\u00f1a<\/b><\/p>\n<\/td>\n<td valign=\"top\" width=\"142\">\n<p class=\"x_MsoNormal\">Integrante<\/p>\n<\/td>\n<\/tr>\n<tr>\n<td valign=\"top\" width=\"359\">\n<p class=\"x_MsoNormal\"><b>Rita Bell L\u00f3pez Vences<\/b><\/p>\n<\/td>\n<td valign=\"top\" width=\"142\">\n<p class=\"x_MsoNormal\">Integrante<\/p>\n<\/td>\n<\/tr>\n<tr>\n<td valign=\"top\" width=\"359\">\n<p class=\"x_MsoNormal\"><b><span lang=\"PT\">Uuc-kib Espadas Ancona<\/span><\/b><b><\/b><\/p>\n<\/td>\n<td valign=\"top\" width=\"142\">\n<p class=\"x_MsoNormal\">Integrante<\/p>\n<\/td>\n<\/tr>\n<tr>\n<td valign=\"top\" width=\"359\">\n<p class=\"x_MsoNormal\"><b>Arturo Manuel Ch\u00e1vez L\u00f3pez<\/b><\/p>\n<\/td>\n<td valign=\"top\" width=\"142\">\n<p class=\"x_MsoNormal\">Integrante<\/p>\n<\/td>\n<\/tr>\n<tr>\n<td valign=\"top\" width=\"359\">\n<p class=\"x_MsoNormal\"><b>Persona Titular y\/o Encargada de Despacho de la Direcci\u00f3n Ejecutiva de Administraci\u00f3n<\/b><\/p>\n<\/td>\n<td valign=\"top\" width=\"142\">\n<p class=\"x_MsoNormal\">Secretar\u00eda T\u00e9cnica<\/p>\n<\/td>\n<\/tr>\n<tr>\n<td valign=\"top\" width=\"359\">\n<p class=\"x_MsoNormal\"><b>Personas Consejeras del Poder Legislativo<\/b><\/p>\n<\/td>\n<td valign=\"top\" width=\"142\">\n<p class=\"x_MsoNormal\">\n<\/td>\n<\/tr>\n<tr>\n<td valign=\"top\" width=\"359\">\n<p class=\"x_MsoNormal\"><b>Personas representantes de los Partidos Pol\u00edticos<\/b><\/p>\n<\/td>\n<td valign=\"top\" width=\"142\">\n<p class=\"x_MsoNormal\">\n<\/td>\n<\/tr>\n<\/tbody>\n<\/table>\n<\/div>\n<\/div>\n<p class=\"x_MsoNormal\">\n<p class=\"x_MsoNormal\"><b>SEGUNDO<\/b>. Se ratifica la integraci\u00f3n de la Comisi\u00f3n del Servicio Profesional Electoral Nacional, as\u00ed como del Comit\u00e9 Editorial aprobado mediante acuerdo INE\/CG182\/2026, toda vez que \u00e9sta se encuentra debidamente integrada, como a continuaci\u00f3n se muestra.<\/p>\n<p class=\"x_MsoNormal\">\n<p class=\"x_MsoNormal\"><b>Comisi\u00f3n del Servicio Profesional Electoral Nacional<\/b><\/p>\n<p class=\"x_MsoNormal\">\n<div align=\"center\">\n<div class=\"R1UVb\">\n<div class=\"qF8_5\"><button class=\"fui-Button r1f29ykk wD8TJ ___1cf351u f1c21dwh f1p3nwhy f11589ue f1q5o8ev f1pdflbu fkfq4zb fjxutwb f1s2uweq fr80ssc f1ukrpxl fecsdlb f139oj5f ft1hn21 fuxngvv fkoldzo fhvnf4x fb6swo4 f1klyf7k f232fm2 f1l983o9 f1nhwcv0 f1gm6xmp fxoo9op f1v3eptx f1i0gk12 fd4bjan f18ktai2 fwbmr0d f44c6la\" title=\"Mostrar tama\u00f1o original\" type=\"button\" aria-label=\"Mostrar tama\u00f1o original\"><span class=\"fui-Button__icon rywnvv2\"><i class=\"fui-Icon-font ___qaf4230 f14t3ns0 fne0op0 fmd4ok8 f303qgw f1sxfq9t\" aria-hidden=\"true\">\ue113<\/i><\/span><\/button><\/div>\n<table class=\"x_MsoNormalTable\" border=\"0\" cellspacing=\"0\" cellpadding=\"0\">\n<tbody>\n<tr>\n<td valign=\"top\" width=\"387\">\n<p class=\"x_MsoNormal\"><b>Nombre<\/b><b><\/b><\/p>\n<\/td>\n<td valign=\"top\" width=\"132\">\n<p class=\"x_MsoNormal\"><b>Cargo<\/b><b><\/b><\/p>\n<\/td>\n<\/tr>\n<tr>\n<td valign=\"top\" width=\"387\">\n<p class=\"x_MsoNormal\"><b><span lang=\"PT-BR\">Jos\u00e9 Mart\u00edn Fernando Faz Mora<\/span><\/b><\/p>\n<\/td>\n<td valign=\"top\" width=\"132\">\n<p class=\"x_MsoNormal\"><b>Presidencia<\/b><\/p>\n<\/td>\n<\/tr>\n<tr>\n<td valign=\"top\" width=\"387\">\n<p class=\"x_MsoNormal\"><b><span lang=\"PT-BR\">Uuc-kib Espadas Ancona<\/span><\/b><\/p>\n<\/td>\n<td valign=\"top\" width=\"132\">\n<p class=\"x_MsoNormal\">Integrante<\/p>\n<\/td>\n<\/tr>\n<tr>\n<td valign=\"top\" width=\"387\">\n<p class=\"x_MsoNormal\"><b>Rita Bell L\u00f3pez Vences<\/b><\/p>\n<\/td>\n<td valign=\"top\" width=\"132\">\n<p class=\"x_MsoNormal\">Integrante<\/p>\n<\/td>\n<\/tr>\n<tr>\n<td valign=\"top\" width=\"387\">\n<p class=\"x_MsoNormal\"><b>Titular y\/o Encargado de la Direcci\u00f3n Ejecutiva del Servicio Profesional Electoral Nacional<\/b><\/p>\n<\/td>\n<td valign=\"top\" width=\"132\">\n<p class=\"x_MsoNormal\">Secretar\u00eda<\/p>\n<p class=\"x_MsoNormal\">T\u00e9cnica<\/p>\n<\/td>\n<\/tr>\n<\/tbody>\n<\/table>\n<\/div>\n<\/div>\n<p class=\"x_MsoNormal\">\n<p class=\"x_MsoNormal\"><b>\u00a0<\/b><\/p>\n<p class=\"x_MsoNormal\"><b>Comit\u00e9 Editorial<\/b><\/p>\n<p class=\"x_MsoNormal\"><b>\u00a0<\/b><\/p>\n<div align=\"center\">\n<div class=\"R1UVb\">\n<div class=\"qF8_5\"><button class=\"fui-Button r1f29ykk wD8TJ ___1cf351u f1c21dwh f1p3nwhy f11589ue f1q5o8ev f1pdflbu fkfq4zb fjxutwb f1s2uweq fr80ssc f1ukrpxl fecsdlb f139oj5f ft1hn21 fuxngvv fkoldzo fhvnf4x fb6swo4 f1klyf7k f232fm2 f1l983o9 f1nhwcv0 f1gm6xmp fxoo9op f1v3eptx f1i0gk12 fd4bjan f18ktai2 fwbmr0d f44c6la\" title=\"Mostrar tama\u00f1o original\" type=\"button\" aria-label=\"Mostrar tama\u00f1o original\"><span class=\"fui-Button__icon rywnvv2\"><i class=\"fui-Icon-font ___qaf4230 f14t3ns0 fne0op0 fmd4ok8 f303qgw f1sxfq9t\" aria-hidden=\"true\">\ue113<\/i><\/span><\/button><\/div>\n<table class=\"x_MsoNormalTable\" border=\"0\" width=\"522\" cellspacing=\"0\" cellpadding=\"0\">\n<tbody>\n<tr>\n<td valign=\"top\" width=\"390\">\n<p class=\"x_MsoNormal\"><b>Nombre<\/b><b><\/b><\/p>\n<\/td>\n<td valign=\"top\" width=\"132\">\n<p class=\"x_MsoNormal\"><b>Cargo<\/b><b><\/b><\/p>\n<\/td>\n<\/tr>\n<tr>\n<td valign=\"top\" width=\"390\">\n<p class=\"x_MsoNormal\"><b><span lang=\"PT\">Uuc-kib Espadas Ancona<\/span><\/b><b><\/b><\/p>\n<\/td>\n<td valign=\"top\" width=\"132\">\n<p class=\"x_MsoNormal\"><b>Presidencia<\/b><\/p>\n<\/td>\n<\/tr>\n<tr>\n<td valign=\"top\" width=\"390\">\n<p class=\"x_MsoNormal\"><b>Norma Irene De La Cruz Maga\u00f1a<\/b><\/p>\n<\/td>\n<td valign=\"top\" width=\"132\">\n<p class=\"x_MsoNormal\">Integrante<\/p>\n<\/td>\n<\/tr>\n<tr>\n<td valign=\"top\" width=\"390\">\n<p class=\"x_MsoNormal\"><b>Titular y\/o Encargada de la Direcci\u00f3n Ejecutiva de Capacitaci\u00f3n Electoral y Educaci\u00f3n C\u00edvica<\/b><\/p>\n<\/td>\n<td valign=\"top\" width=\"132\">\n<p class=\"x_MsoNormal\">Secretar\u00eda T\u00e9cnica<\/p>\n<\/td>\n<\/tr>\n<\/tbody>\n<\/table>\n<\/div>\n<\/div>\n<p class=\"x_MsoNormal\">\n<p class=\"x_MsoNormal\">\n<p class=\"x_MsoNormal\"><b>TERCERO.<\/b>\u00a0La duraci\u00f3n de la integraci\u00f3n y presidencia de las Comisiones Permanentes ser\u00e1 hasta la primera semana del mes de septiembre del 2026, cuando deber\u00e1n ser rotadas entre sus integrantes.<\/p>\n<p class=\"x_MsoNormal\">\n<p class=\"x_MsoNormal\">Por lo que hace a las Comisiones Temporales, estas se extinguir\u00e1n cuando cumplan el objetivo y termine el periodo para el cual fueron creadas.<\/p>\n<p class=\"x_MsoNormal\">\n<p class=\"x_MsoNormal\"><b>CUARTO.<\/b>\u00a0Se instruye a la Secretar\u00eda Ejecutiva para que coordine las acciones necesarias para la implementaci\u00f3n del presente Acuerdo, as\u00ed como para dar seguimiento a la operaci\u00f3n de las Comisiones durante su vigencia.<\/p>\n<p class=\"x_MsoNormal\">\n","protected":false},"excerpt":{"rendered":"<p>Luego de atender las adendas y fe de erratas presentadas, el Consejo General del Instituto Nacional Electoral (INE) actualiz\u00f3 la nueva integraci\u00f3n y las presidencias de las Comisiones Permanentes, Temporales y otros \u00f3rganos, dentro del contexto de renovaci\u00f3n que vive el Instituto. La instituci\u00f3n reitera que la definici\u00f3n de estas integraciones y presidencias constituyen una [&hellip;]<\/p>\n","protected":false},"author":2,"featured_media":254157,"comment_status":"closed","ping_status":"closed","sticky":false,"template":"","format":"standard","meta":{"footnotes":""},"categories":[12870,12868],"tags":[12865,12879],"class_list":["post-254156","post","type-post","status-publish","format-standard","has-post-thumbnail","hentry","category-destacadas","category-politica","tag-destacadas","tag-politica"],"jetpack_featured_media_url":"https:\/\/rnoticias.com.mx\/Portal\/wp-content\/uploads\/2026\/04\/WhatsApp-Image-2026-04-27-at-1.18.37-PM-1.jpeg","amp_enabled":true,"_links":{"self":[{"href":"https:\/\/rnoticias.com.mx\/Portal\/wp-json\/wp\/v2\/posts\/254156","targetHints":{"allow":["GET"]}}],"collection":[{"href":"https:\/\/rnoticias.com.mx\/Portal\/wp-json\/wp\/v2\/posts"}],"about":[{"href":"https:\/\/rnoticias.com.mx\/Portal\/wp-json\/wp\/v2\/types\/post"}],"author":[{"embeddable":true,"href":"https:\/\/rnoticias.com.mx\/Portal\/wp-json\/wp\/v2\/users\/2"}],"replies":[{"embeddable":true,"href":"https:\/\/rnoticias.com.mx\/Portal\/wp-json\/wp\/v2\/comments?post=254156"}],"version-history":[{"count":1,"href":"https:\/\/rnoticias.com.mx\/Portal\/wp-json\/wp\/v2\/posts\/254156\/revisions"}],"predecessor-version":[{"id":254158,"href":"https:\/\/rnoticias.com.mx\/Portal\/wp-json\/wp\/v2\/posts\/254156\/revisions\/254158"}],"wp:featuredmedia":[{"embeddable":true,"href":"https:\/\/rnoticias.com.mx\/Portal\/wp-json\/wp\/v2\/media\/254157"}],"wp:attachment":[{"href":"https:\/\/rnoticias.com.mx\/Portal\/wp-json\/wp\/v2\/media?parent=254156"}],"wp:term":[{"taxonomy":"category","embeddable":true,"href":"https:\/\/rnoticias.com.mx\/Portal\/wp-json\/wp\/v2\/categories?post=254156"},{"taxonomy":"post_tag","embeddable":true,"href":"https:\/\/rnoticias.com.mx\/Portal\/wp-json\/wp\/v2\/tags?post=254156"}],"curies":[{"name":"wp","href":"https:\/\/api.w.org\/{rel}","templated":true}]}}