{"id":254146,"date":"2026-04-28T10:28:41","date_gmt":"2026-04-28T17:28:41","guid":{"rendered":"https:\/\/rnoticias.com.mx\/Portal\/?p=254146"},"modified":"2026-04-28T10:28:41","modified_gmt":"2026-04-28T17:28:41","slug":"gabinete-de-seguridad-reporta-varios-vehiculos-y-tiendas-incendiadas-en-nayarit","status":"publish","type":"post","link":"https:\/\/rnoticias.com.mx\/Portal\/2026\/04\/28\/gabinete-de-seguridad-reporta-varios-vehiculos-y-tiendas-incendiadas-en-nayarit\/","title":{"rendered":"Gabinete de Seguridad reporta varios veh\u00edculos y tiendas incendiadas en Nayarit"},"content":{"rendered":"<p>El Gabinete de Seguridad inform\u00f3 que<strong>\u00a0suman 12 veh\u00edculos y establecimientos comerciales han sido incendiados en el estado de Nayarit,<\/strong>\u00a0luego de la detenci\u00f3n de Audias \u201cN\u201d, alias \u201cEl Jardinero\u201d.<\/p>\n<p>A trav\u00e9s de un mensaje difundido en redes sociales, las autoridades precisaron que, pese a los hechos violentos, hasta el momento no se han registrado bloqueos carreteros ni v\u00edctimas.\u00a0<strong>Asimismo, desmintieron versiones sobre una supuesta suspensi\u00f3n de clases en la entidad.<\/strong><\/p>\n<p><strong>Mientras el gobierno estatal exhort\u00f3 a la poblaci\u00f3n a mantenerse resguardada en sus domicilios y evitar salir si no es estrictamente necesario, como medida preventiva ante la situaci\u00f3n de seguridad.<\/strong><\/p>\n<p>Los incidentes se han reportado principalmente en los municipios de Acaponeta y Tecuala,\u00a0<strong>donde ciudadanos y medios locales alertaron sobre incendios que generaron temor e incertidumbre entre la poblaci\u00f3n.<\/strong><\/p>\n<p><strong>De acuerdo con las autoridades, \u201cEl Jardinero\u201d fue detenido tras 19 meses de labores de inteligencia en la localidad de El Mirador, Nayarit.\u00a0<\/strong>El sujeto es considerado presunto sucesor de Nemesio Oseguera Cervantes, alias \u201cEl Mencho\u201d.<\/p>\n<p>Adem\u00e1s,\u00a0<strong>cuenta con una orden de extradici\u00f3n a Estados Unidos, donde es requerido por delitos relacionados con delincuencia organizada, narcotr\u00e1fico y portaci\u00f3n de armas de fuego.<\/strong><\/p>\n","protected":false},"excerpt":{"rendered":"<p>El Gabinete de Seguridad inform\u00f3 que\u00a0suman 12 veh\u00edculos y establecimientos comerciales han sido incendiados en el estado de Nayarit,\u00a0luego de la detenci\u00f3n de Audias \u201cN\u201d, alias \u201cEl Jardinero\u201d. A trav\u00e9s de un mensaje difundido en redes sociales, las autoridades precisaron que, pese a los hechos violentos, hasta el momento no se han registrado bloqueos carreteros [&hellip;]<\/p>\n","protected":false},"author":2,"featured_media":254147,"comment_status":"closed","ping_status":"closed","sticky":false,"template":"","format":"standard","meta":{"footnotes":""},"categories":[172],"tags":[12874],"class_list":["post-254146","post","type-post","status-publish","format-standard","has-post-thumbnail","hentry","category-nacional","tag-nacional"],"jetpack_featured_media_url":"https:\/\/rnoticias.com.mx\/Portal\/wp-content\/uploads\/2026\/04\/inseguridad-nayarit-cjng-27042026-1.jpg","amp_enabled":true,"_links":{"self":[{"href":"https:\/\/rnoticias.com.mx\/Portal\/wp-json\/wp\/v2\/posts\/254146","targetHints":{"allow":["GET"]}}],"collection":[{"href":"https:\/\/rnoticias.com.mx\/Portal\/wp-json\/wp\/v2\/posts"}],"about":[{"href":"https:\/\/rnoticias.com.mx\/Portal\/wp-json\/wp\/v2\/types\/post"}],"author":[{"embeddable":true,"href":"https:\/\/rnoticias.com.mx\/Portal\/wp-json\/wp\/v2\/users\/2"}],"replies":[{"embeddable":true,"href":"https:\/\/rnoticias.com.mx\/Portal\/wp-json\/wp\/v2\/comments?post=254146"}],"version-history":[{"count":1,"href":"https:\/\/rnoticias.com.mx\/Portal\/wp-json\/wp\/v2\/posts\/254146\/revisions"}],"predecessor-version":[{"id":254148,"href":"https:\/\/rnoticias.com.mx\/Portal\/wp-json\/wp\/v2\/posts\/254146\/revisions\/254148"}],"wp:featuredmedia":[{"embeddable":true,"href":"https:\/\/rnoticias.com.mx\/Portal\/wp-json\/wp\/v2\/media\/254147"}],"wp:attachment":[{"href":"https:\/\/rnoticias.com.mx\/Portal\/wp-json\/wp\/v2\/media?parent=254146"}],"wp:term":[{"taxonomy":"category","embeddable":true,"href":"https:\/\/rnoticias.com.mx\/Portal\/wp-json\/wp\/v2\/categories?post=254146"},{"taxonomy":"post_tag","embeddable":true,"href":"https:\/\/rnoticias.com.mx\/Portal\/wp-json\/wp\/v2\/tags?post=254146"}],"curies":[{"name":"wp","href":"https:\/\/api.w.org\/{rel}","templated":true}]}}