{"id":254143,"date":"2026-04-28T10:27:32","date_gmt":"2026-04-28T17:27:32","guid":{"rendered":"https:\/\/rnoticias.com.mx\/Portal\/?p=254143"},"modified":"2026-04-28T10:27:32","modified_gmt":"2026-04-28T17:27:32","slug":"gobernadora-de-chihuahua-no-ira-al-senado-para-comparecer-sobre-agentes-de-cia","status":"publish","type":"post","link":"https:\/\/rnoticias.com.mx\/Portal\/2026\/04\/28\/gobernadora-de-chihuahua-no-ira-al-senado-para-comparecer-sobre-agentes-de-cia\/","title":{"rendered":"Gobernadora de Chihuahua no ir\u00e1 al Senado para comparecer sobre agentes de CIA"},"content":{"rendered":"<p>La\u00a0<strong>gobernadora de Chihuahua, Maru Campos<\/strong>, anunci\u00f3 que\u00a0<strong>no asistir\u00e1 al Senado de la Rep\u00fablica<\/strong>\u00a0para comparecer por el caso de la\u00a0<strong>presencia de agentes de Estados Unidos en la entidad.<\/strong><\/p>\n<p>Campos hab\u00eda sido citada para\u00a0este martes a las 11:00 horas; sin embargo, a trav\u00e9s de un oficio, inform\u00f3 que no acudir\u00e1 a la reuni\u00f3n, justificando que busca \u201c<strong>salvaguardar el desarrollo de las diligencias en curso<\/strong>\u201d y no \u201c<strong>comprometer informaci\u00f3n de car\u00e1cter confidencial o clasificada<\/strong>\u201d.<\/p>\n<p>La mandataria estatal tambi\u00e9n subray\u00f3 que la\u00a0<strong>Unidad Especializada creada para la investigaci\u00f3n de los hechos en la sierra de Chihuahua<\/strong>, ya envi\u00f3 informaci\u00f3n a la\u00a0<strong>Fiscal\u00eda General de la Rep\u00fablica<\/strong>\u00a0(FGR), tal como requiri\u00f3 el Gobierno federal.<\/p>\n<p>La declinaci\u00f3n de Maru Campos se da despu\u00e9s de que\u00a0<strong>C\u00e9sar J\u00e1uregui presentara el lunes su renuncia al cargo de fiscal general de Chihuahua<\/strong>,\u00a0tras la pol\u00e9mica generada por la presunta participaci\u00f3n de agentes estadounidenses en un\u00a0<strong>operativo antidrogas en la Sierra Tarahumara<\/strong>, el pasado 19 de abril, en el que murieron dos\u00a0<strong>presuntos integrantes de la Agencia Central de Inteligencia (CIA)\u00a0<\/strong>y dos mexicanos.<\/p>\n","protected":false},"excerpt":{"rendered":"<p>La\u00a0gobernadora de Chihuahua, Maru Campos, anunci\u00f3 que\u00a0no asistir\u00e1 al Senado de la Rep\u00fablica\u00a0para comparecer por el caso de la\u00a0presencia de agentes de Estados Unidos en la entidad. Campos hab\u00eda sido citada para\u00a0este martes a las 11:00 horas; sin embargo, a trav\u00e9s de un oficio, inform\u00f3 que no acudir\u00e1 a la reuni\u00f3n, justificando que busca \u201csalvaguardar [&hellip;]<\/p>\n","protected":false},"author":2,"featured_media":254144,"comment_status":"closed","ping_status":"closed","sticky":false,"template":"","format":"standard","meta":{"footnotes":""},"categories":[12870,12868],"tags":[12865,12879],"class_list":["post-254143","post","type-post","status-publish","format-standard","has-post-thumbnail","hentry","category-destacadas","category-politica","tag-destacadas","tag-politica"],"jetpack_featured_media_url":"https:\/\/rnoticias.com.mx\/Portal\/wp-content\/uploads\/2026\/04\/024.jpg","amp_enabled":true,"_links":{"self":[{"href":"https:\/\/rnoticias.com.mx\/Portal\/wp-json\/wp\/v2\/posts\/254143","targetHints":{"allow":["GET"]}}],"collection":[{"href":"https:\/\/rnoticias.com.mx\/Portal\/wp-json\/wp\/v2\/posts"}],"about":[{"href":"https:\/\/rnoticias.com.mx\/Portal\/wp-json\/wp\/v2\/types\/post"}],"author":[{"embeddable":true,"href":"https:\/\/rnoticias.com.mx\/Portal\/wp-json\/wp\/v2\/users\/2"}],"replies":[{"embeddable":true,"href":"https:\/\/rnoticias.com.mx\/Portal\/wp-json\/wp\/v2\/comments?post=254143"}],"version-history":[{"count":1,"href":"https:\/\/rnoticias.com.mx\/Portal\/wp-json\/wp\/v2\/posts\/254143\/revisions"}],"predecessor-version":[{"id":254145,"href":"https:\/\/rnoticias.com.mx\/Portal\/wp-json\/wp\/v2\/posts\/254143\/revisions\/254145"}],"wp:featuredmedia":[{"embeddable":true,"href":"https:\/\/rnoticias.com.mx\/Portal\/wp-json\/wp\/v2\/media\/254144"}],"wp:attachment":[{"href":"https:\/\/rnoticias.com.mx\/Portal\/wp-json\/wp\/v2\/media?parent=254143"}],"wp:term":[{"taxonomy":"category","embeddable":true,"href":"https:\/\/rnoticias.com.mx\/Portal\/wp-json\/wp\/v2\/categories?post=254143"},{"taxonomy":"post_tag","embeddable":true,"href":"https:\/\/rnoticias.com.mx\/Portal\/wp-json\/wp\/v2\/tags?post=254143"}],"curies":[{"name":"wp","href":"https:\/\/api.w.org\/{rel}","templated":true}]}}