{"id":254139,"date":"2026-04-28T10:18:13","date_gmt":"2026-04-28T17:18:13","guid":{"rendered":"https:\/\/rnoticias.com.mx\/Portal\/?p=254139"},"modified":"2026-04-28T10:18:13","modified_gmt":"2026-04-28T17:18:13","slug":"bukele-sheinbaum-y-chaves-encabezan-la-lista-de-mandatarios-latinoamericanos-mejor-valorados","status":"publish","type":"post","link":"https:\/\/rnoticias.com.mx\/Portal\/2026\/04\/28\/bukele-sheinbaum-y-chaves-encabezan-la-lista-de-mandatarios-latinoamericanos-mejor-valorados\/","title":{"rendered":"Bukele, Sheinbaum y Chaves encabezan la lista de mandatarios latinoamericanos mejor valorados"},"content":{"rendered":"<p>Los presidentes de\u00a0<strong>El Salvador, Nayib Bukele; de M\u00e9xico, Claudia Sheinbaum; y de Costa Rica, Rodrigo Chaves,<\/strong>\u00a0encabezan la lista de mandatarios latinoamericanos mejor valorados por la ciudadan\u00eda en abril, mientras que en el otro extremo se ubica el mandatario interino de Per\u00fa,\u00a0<strong>Jos\u00e9 Mar\u00eda Balc\u00e1zar.<\/strong><\/p>\n<p>De acuerdo con un sondeo de CB Consultora Opini\u00f3n P\u00fablica, Bukele lidera el ranking con una aprobaci\u00f3n del 70,1 % y una desaprobaci\u00f3n del 26,3 %. En marzo, su imagen positiva era del 71,8 %.\u00a0<strong>El mandatario centroamericano asumi\u00f3 en junio de 2024 un segundo mandato, pese a la prohibici\u00f3n constitucional de reelecci\u00f3n consecutiva, y ha mantenido una pol\u00edtica de mano dura contra las pandillas mediante medidas como el r\u00e9gimen de excepci\u00f3n vigente desde marzo de 2022.<\/strong><\/p>\n<p><strong>Sheinbaum, la primera mujer en gobernar M\u00e9xico, asumi\u00f3 el poder en octubre de 2024 en medio de altos niveles de inseguridad y alcanza una imagen positiva del 69,8 %, frente a un 26,8 % de rechazo. El mes pasado registraba un apoyo del 72,3 %.<\/strong><\/p>\n<p>Chaves, quien entregar\u00e1 el poder el pr\u00f3ximo 8 de mayo a Laura Fern\u00e1ndez,<strong>\u00a0ocupa el tercer lugar con una favorabilidad del 59,5 %, superior al 56,8 % de marzo, mientras que su imagen negativa se sit\u00faa en el 38 %.<\/strong><\/p>\n<p>Al otro lado de la tabla se encuentra Jos\u00e9 Mar\u00eda Balc\u00e1zar, quien asumi\u00f3 de forma interina la Presidencia de Per\u00fa el 19 de febrero.\u00a0<strong>Es el mandatario peor valorado del sondeo, con apenas un 17,9 % de imagen positiva frente a un 67,9 % de rechazo. En marzo ten\u00eda un respaldo del 25,2 %.<\/strong><\/p>\n<p>En cuarto lugar figura el presidente de\u00a0<strong>Rep\u00fablica Dominicana, Luis Abinader<\/strong>, con un 57,3 % de favorabilidad y un 39,6 % de rechazo, en la mitad de su segundo mandato. Le sigue el gobernante de Bolivia, Rodrigo Paz, quien en unos d\u00edas cumplir\u00e1 seis meses en el cargo, con un 52,9 % de respaldo frente a un 44,2 % de desaprobaci\u00f3n.<\/p>\n<p>En la franja media del ranking se ubica\u00a0<strong>Daniel Ortega, quien gobierna Nicaragua<\/strong>\u00a0desde hace 19 a\u00f1os y desde febrero de 2025 comparte el poder con su esposa, Rosario Murillo, con un 51,8 % de imagen positiva y un 44,6 % de valoraci\u00f3n negativa.<\/p>\n<p>El presidente de B<strong>rasil, Luiz In\u00e1cio Lula da Silva,<\/strong>\u00a0quien aspira a un cuarto mandato en las elecciones de octubre, ha encabezado en varias ocasiones esta encuesta y ahora ocupa el s\u00e9ptimo lugar, con un 48,4 % de apoyo frente a un 49,1 % de desaprobaci\u00f3n.<\/p>\n<p>Le sigue el ultraderechista<strong>\u00a0Jos\u00e9 Antonio Kast, quien asumi\u00f3 la Presidencia de Chile<\/strong>\u00a0el pasado 11 de marzo, con un 45,1 % de aprobaci\u00f3n y un 49,9 % de rechazo.<\/p>\n<p>Tambi\u00e9n en la mitad inferior se encuentra el mandatario de\u00a0<strong>Paraguay, Santiago Pe\u00f1a, a<\/strong>\u00a0quien le quedan dos a\u00f1os de Gobierno, con un 43,2 % de respaldo y un 52,3 % de valoraci\u00f3n negativa.<\/p>\n<p>La lista contin\u00faa con Yamand\u00fa Orsi, quien gobierna Uruguay desde hace un a\u00f1o, con un 41,7 % de apoyo y un 55,4 % de rechazo; y\u00a0<strong>Nasry &#8216;Tito&#8217; Asfura, quien asumi\u00f3 la Presidencia de Honduras en enero de este a\u00f1o, con un 40,5 % de imagen positiva frente a un 54,3 % de negativa.<\/strong><\/p>\n<p>Gustavo Petro, cuyo mandato en Colombia concluye el pr\u00f3ximo 7 de agosto, obtiene un 38,2 % de favorabilidad y un 57,5 % de desaprobaci\u00f3n.<\/p>\n<p>Entre los presidentes con menor respaldo figuran el guatemalteco\u00a0<strong>Bernardo Ar\u00e9valo, con un 37,3 % de aprobaci\u00f3n frente a un 56,8 % de rechazo; el argentino Javier Milei, con un 36,2 % de imagen positiva y un 59,7 % negativa; el ecuatoriano Daniel Noboa, con un 35,7 % de favorabilidad frente a un 61,5 % de desaprobaci\u00f3n y el paname\u00f1o Jos\u00e9 Ra\u00fal Mulino, con un 34,1 % de respaldo y un 62,4 % de rechazo.<\/strong><\/p>\n<p>En pen\u00faltimo lugar se ubica Delcy Rodr\u00edguez, quien el 5 de enero fue nombrada como presidenta encargada de Venezuela, con apenas un 27,5 % de apoyo frente a un 67,6 % de valoraci\u00f3n negativa.<\/p>\n<p><strong>El sondeo de CB Consultora fue realizado entre el 10 y 15 de febrero a 40.528 personas, con muestras de entre 2.001 y 2.701 encuestados por pa\u00eds, un nivel de confianza del 95 % y un margen de error por pa\u00eds de entre \u00b11,9 y 2,2 %.<\/strong><\/p>\n","protected":false},"excerpt":{"rendered":"<p>Los presidentes de\u00a0El Salvador, Nayib Bukele; de M\u00e9xico, Claudia Sheinbaum; y de Costa Rica, Rodrigo Chaves,\u00a0encabezan la lista de mandatarios latinoamericanos mejor valorados por la ciudadan\u00eda en abril, mientras que en el otro extremo se ubica el mandatario interino de Per\u00fa,\u00a0Jos\u00e9 Mar\u00eda Balc\u00e1zar. De acuerdo con un sondeo de CB Consultora Opini\u00f3n P\u00fablica, Bukele lidera [&hellip;]<\/p>\n","protected":false},"author":2,"featured_media":254140,"comment_status":"closed","ping_status":"closed","sticky":false,"template":"","format":"standard","meta":{"footnotes":""},"categories":[12870,182],"tags":[12865,12871],"class_list":["post-254139","post","type-post","status-publish","format-standard","has-post-thumbnail","hentry","category-destacadas","category-internacional","tag-destacadas","tag-internacional"],"jetpack_featured_media_url":"https:\/\/rnoticias.com.mx\/Portal\/wp-content\/uploads\/2026\/04\/2003.jpg","amp_enabled":true,"_links":{"self":[{"href":"https:\/\/rnoticias.com.mx\/Portal\/wp-json\/wp\/v2\/posts\/254139","targetHints":{"allow":["GET"]}}],"collection":[{"href":"https:\/\/rnoticias.com.mx\/Portal\/wp-json\/wp\/v2\/posts"}],"about":[{"href":"https:\/\/rnoticias.com.mx\/Portal\/wp-json\/wp\/v2\/types\/post"}],"author":[{"embeddable":true,"href":"https:\/\/rnoticias.com.mx\/Portal\/wp-json\/wp\/v2\/users\/2"}],"replies":[{"embeddable":true,"href":"https:\/\/rnoticias.com.mx\/Portal\/wp-json\/wp\/v2\/comments?post=254139"}],"version-history":[{"count":1,"href":"https:\/\/rnoticias.com.mx\/Portal\/wp-json\/wp\/v2\/posts\/254139\/revisions"}],"predecessor-version":[{"id":254141,"href":"https:\/\/rnoticias.com.mx\/Portal\/wp-json\/wp\/v2\/posts\/254139\/revisions\/254141"}],"wp:featuredmedia":[{"embeddable":true,"href":"https:\/\/rnoticias.com.mx\/Portal\/wp-json\/wp\/v2\/media\/254140"}],"wp:attachment":[{"href":"https:\/\/rnoticias.com.mx\/Portal\/wp-json\/wp\/v2\/media?parent=254139"}],"wp:term":[{"taxonomy":"category","embeddable":true,"href":"https:\/\/rnoticias.com.mx\/Portal\/wp-json\/wp\/v2\/categories?post=254139"},{"taxonomy":"post_tag","embeddable":true,"href":"https:\/\/rnoticias.com.mx\/Portal\/wp-json\/wp\/v2\/tags?post=254139"}],"curies":[{"name":"wp","href":"https:\/\/api.w.org\/{rel}","templated":true}]}}