{"id":254133,"date":"2026-04-28T10:15:33","date_gmt":"2026-04-28T17:15:33","guid":{"rendered":"https:\/\/rnoticias.com.mx\/Portal\/?p=254133"},"modified":"2026-04-28T10:15:33","modified_gmt":"2026-04-28T17:15:33","slug":"rubio-defiende-bloqueo-naval-contra-iran-en-medio-de-incertidumbre-sobre-negociaciones","status":"publish","type":"post","link":"https:\/\/rnoticias.com.mx\/Portal\/2026\/04\/28\/rubio-defiende-bloqueo-naval-contra-iran-en-medio-de-incertidumbre-sobre-negociaciones\/","title":{"rendered":"Rubio defiende bloqueo naval contra Ir\u00e1n en medio de incertidumbre sobre negociaciones"},"content":{"rendered":"<p>El secretario de Estado de Estados Unidos, Marco Rubio, defendi\u00f3 este lunes el\u00a0<strong>bloqueo naval que el Comando Central mantiene desde hace m\u00e1s de 15 d\u00edas contra los puertos de Ir\u00e1n, en medio de incertidumbre sobre el futuro de negociaciones de paz con Teher\u00e1n.<\/strong><\/p>\n<p><strong>&#8220;El bloqueo no es un bloqueo contra el transporte mar\u00edtimo, es un bloqueo contra el transporte iran\u00ed&#8221;,<\/strong>\u00a0dijo Rubio en una entrevista exclusiva con la cadena Fox News.<\/p>\n<p><strong>&#8220;No puede ser que ellos (Ir\u00e1n) sean los \u00fanicos beneficiarios de un sistema ilegal, il\u00edcito e injustificado de peaje y control en el estrecho de Ormuz&#8221;,<\/strong>\u00a0agreg\u00f3 Rubio, cuando fue preguntado sobre la estrategia de Estados Unidos de mantener bloqueados los puertos de la rep\u00fablica Isl\u00e1mica.<\/p>\n<p>Los comentarios de Rubio suceden luego de que la segunda ronda de negociaciones entre Washington y Teher\u00e1n en Pakist\u00e1n fueran suspendidas porque los representantes de Ir\u00e1n decidieron retirarse de Islamabad antes de que la delegaci\u00f3n estadounidense viajara hacia el lugar el pasado fin de semana.<\/p>\n<p>El bloqueo naval que defendi\u00f3 Rubio fue impuesto por<strong>\u00a0Trump desde inicios de abril pese a acordar un alto el fuego indefinido y la medida ha sido rechazada por el legislativo y el ejecutivo iran\u00ed,\u00a0<\/strong>al considerar que el no permitir la entrada y salida de sus buques mercantes es un ataque militar.<\/p>\n<p>Este lunes, el canciller alem\u00e1n, Friedrich Merz, opin\u00f3 que Ir\u00e1n est\u00e1 &#8220;humillando&#8221; a Estados Unidos con su actitud en las negociaciones para frenar el conflicto de nueve semanas en Oriente Medio.<\/p>\n<p><strong>&#8220;No veo una estrategia clara. En un conflicto no solo hay que entrar, sino que se tiene que entrar y hay que saber c\u00f3mo salir. Lo que pasa cuando no se tiene en cuenta esto lo vimos en Afganist\u00e1n, en Irak y ahora en Ir\u00e1n&#8221;,<\/strong>\u00a0dijo durante un acto con en un colegio.<\/p>\n<p>El presidente Donald Trump ha dejado de opinar de la guerra en Ir\u00e1n, como lo hace usualmente en apariciones p\u00fablicas y en redes sociales,\u00a0<strong>desde el s\u00e1bado por la noche cuando surgi\u00f3 un tiroteo en un hotel de Washington durante una cena de corresponsales de la Casa Blanca.<\/strong><\/p>\n","protected":false},"excerpt":{"rendered":"<p>El secretario de Estado de Estados Unidos, Marco Rubio, defendi\u00f3 este lunes el\u00a0bloqueo naval que el Comando Central mantiene desde hace m\u00e1s de 15 d\u00edas contra los puertos de Ir\u00e1n, en medio de incertidumbre sobre el futuro de negociaciones de paz con Teher\u00e1n. &#8220;El bloqueo no es un bloqueo contra el transporte mar\u00edtimo, es un [&hellip;]<\/p>\n","protected":false},"author":2,"featured_media":254134,"comment_status":"closed","ping_status":"closed","sticky":false,"template":"","format":"standard","meta":{"footnotes":""},"categories":[182],"tags":[12871],"class_list":["post-254133","post","type-post","status-publish","format-standard","has-post-thumbnail","hentry","category-internacional","tag-internacional"],"jetpack_featured_media_url":"https:\/\/rnoticias.com.mx\/Portal\/wp-content\/uploads\/2026\/04\/Marco-Rubio.jpg","amp_enabled":true,"_links":{"self":[{"href":"https:\/\/rnoticias.com.mx\/Portal\/wp-json\/wp\/v2\/posts\/254133","targetHints":{"allow":["GET"]}}],"collection":[{"href":"https:\/\/rnoticias.com.mx\/Portal\/wp-json\/wp\/v2\/posts"}],"about":[{"href":"https:\/\/rnoticias.com.mx\/Portal\/wp-json\/wp\/v2\/types\/post"}],"author":[{"embeddable":true,"href":"https:\/\/rnoticias.com.mx\/Portal\/wp-json\/wp\/v2\/users\/2"}],"replies":[{"embeddable":true,"href":"https:\/\/rnoticias.com.mx\/Portal\/wp-json\/wp\/v2\/comments?post=254133"}],"version-history":[{"count":1,"href":"https:\/\/rnoticias.com.mx\/Portal\/wp-json\/wp\/v2\/posts\/254133\/revisions"}],"predecessor-version":[{"id":254135,"href":"https:\/\/rnoticias.com.mx\/Portal\/wp-json\/wp\/v2\/posts\/254133\/revisions\/254135"}],"wp:featuredmedia":[{"embeddable":true,"href":"https:\/\/rnoticias.com.mx\/Portal\/wp-json\/wp\/v2\/media\/254134"}],"wp:attachment":[{"href":"https:\/\/rnoticias.com.mx\/Portal\/wp-json\/wp\/v2\/media?parent=254133"}],"wp:term":[{"taxonomy":"category","embeddable":true,"href":"https:\/\/rnoticias.com.mx\/Portal\/wp-json\/wp\/v2\/categories?post=254133"},{"taxonomy":"post_tag","embeddable":true,"href":"https:\/\/rnoticias.com.mx\/Portal\/wp-json\/wp\/v2\/tags?post=254133"}],"curies":[{"name":"wp","href":"https:\/\/api.w.org\/{rel}","templated":true}]}}