{"id":254127,"date":"2026-04-28T10:08:32","date_gmt":"2026-04-28T17:08:32","guid":{"rendered":"https:\/\/rnoticias.com.mx\/Portal\/?p=254127"},"modified":"2026-04-28T10:19:09","modified_gmt":"2026-04-28T17:19:09","slug":"accidente-durante-montaje-del-concierto-de-shakira-termina-en-tragedia","status":"publish","type":"post","link":"https:\/\/rnoticias.com.mx\/Portal\/2026\/04\/28\/accidente-durante-montaje-del-concierto-de-shakira-termina-en-tragedia\/","title":{"rendered":"Accidente durante montaje del concierto de Shakira termina en tragedia"},"content":{"rendered":"<p><strong>Un tr\u00e1gico accidente marc\u00f3 los preparativos del concierto gratuito que ofrecer\u00e1 Shakira en la playa de Copacabana, en R\u00edo de Janeiro. Un trabajador de 28 a\u00f1os falleci\u00f3 durante el montaje del escenario, este s\u00e1bado 26 de abril, a pocos d\u00edas del evento programado para el 02 de mayo.<\/strong><\/p>\n<p>De acuerdo con autoridades brasile\u00f1as, el joven, quien se desempe\u00f1aba como t\u00e9cnico de seguridad, result\u00f3 gravemente herido cuando una estructura del escenario se desplom\u00f3 mientras realizaba labores de instalaci\u00f3n. Sus compa\u00f1eros lograron rescatarlo y fue trasladado a un hospital, pero no sobrevivi\u00f3 a las lesiones.<\/p>\n<p><strong>Testimonios recogidos por equipos de emergencia se\u00f1alaron que el trabajador sufri\u00f3 aplastamiento en las extremidades inferiores al quedar atrapado en un sistema de elevaci\u00f3n durante el accidente.<\/strong><\/p>\n<p><strong>Tras lo ocurrido, la Polic\u00eda Civil de Rio de Janeiro abri\u00f3 una investigaci\u00f3n para esclarecer las causas del incidente y determinar posibles responsabilidades.<br \/>\nLa empresa organizadora del evento,<\/strong>\u00a0Bonustrack, expreso sus condolencias y manifest\u00f3 su apoyo a la familia del trabajador, as\u00ed como al equipo involucrado en el montaje.<\/p>\n<p>Hasta el momento, la cantante no ha emitido declaraciones p\u00fablicas sobre lo sucedido.<\/p>\n<p><strong>El concierto forma parte de la gira \u201cLas Mujeres Ya No Lloran World Tour\u201d y se espera que re\u00fana a cientos de miles o incluso millones de asistentes, siguiendo la tradici\u00f3n de espect\u00e1culos masivos en esta ic\u00f3nica playa brasile\u00f1a.\u00a0<\/strong><\/p>\n<p>Este hecho a generado preocupaci\u00f3n sobre las condiciones de seguridad en la preparaci\u00f3n de eventos de gran escala, especialmente aquellos que implican montajes complejos en espacios abiertos.<\/p>\n","protected":false},"excerpt":{"rendered":"<p>Un tr\u00e1gico accidente marc\u00f3 los preparativos del concierto gratuito que ofrecer\u00e1 Shakira en la playa de Copacabana, en R\u00edo de Janeiro. Un trabajador de 28 a\u00f1os falleci\u00f3 durante el montaje del escenario, este s\u00e1bado 26 de abril, a pocos d\u00edas del evento programado para el 02 de mayo. De acuerdo con autoridades brasile\u00f1as, el joven, [&hellip;]<\/p>\n","protected":false},"author":2,"featured_media":254128,"comment_status":"closed","ping_status":"closed","sticky":false,"template":"","format":"standard","meta":{"footnotes":""},"categories":[219],"tags":[12875],"class_list":["post-254127","post","type-post","status-publish","format-standard","has-post-thumbnail","hentry","category-espectaculos","tag-espectaculos"],"jetpack_featured_media_url":"https:\/\/rnoticias.com.mx\/Portal\/wp-content\/uploads\/2026\/04\/shakira-concierto-accidente-en-montaje-trabajador-murio.jpg","amp_enabled":true,"_links":{"self":[{"href":"https:\/\/rnoticias.com.mx\/Portal\/wp-json\/wp\/v2\/posts\/254127","targetHints":{"allow":["GET"]}}],"collection":[{"href":"https:\/\/rnoticias.com.mx\/Portal\/wp-json\/wp\/v2\/posts"}],"about":[{"href":"https:\/\/rnoticias.com.mx\/Portal\/wp-json\/wp\/v2\/types\/post"}],"author":[{"embeddable":true,"href":"https:\/\/rnoticias.com.mx\/Portal\/wp-json\/wp\/v2\/users\/2"}],"replies":[{"embeddable":true,"href":"https:\/\/rnoticias.com.mx\/Portal\/wp-json\/wp\/v2\/comments?post=254127"}],"version-history":[{"count":1,"href":"https:\/\/rnoticias.com.mx\/Portal\/wp-json\/wp\/v2\/posts\/254127\/revisions"}],"predecessor-version":[{"id":254129,"href":"https:\/\/rnoticias.com.mx\/Portal\/wp-json\/wp\/v2\/posts\/254127\/revisions\/254129"}],"wp:featuredmedia":[{"embeddable":true,"href":"https:\/\/rnoticias.com.mx\/Portal\/wp-json\/wp\/v2\/media\/254128"}],"wp:attachment":[{"href":"https:\/\/rnoticias.com.mx\/Portal\/wp-json\/wp\/v2\/media?parent=254127"}],"wp:term":[{"taxonomy":"category","embeddable":true,"href":"https:\/\/rnoticias.com.mx\/Portal\/wp-json\/wp\/v2\/categories?post=254127"},{"taxonomy":"post_tag","embeddable":true,"href":"https:\/\/rnoticias.com.mx\/Portal\/wp-json\/wp\/v2\/tags?post=254127"}],"curies":[{"name":"wp","href":"https:\/\/api.w.org\/{rel}","templated":true}]}}