{"id":254121,"date":"2026-04-28T10:05:56","date_gmt":"2026-04-28T17:05:56","guid":{"rendered":"https:\/\/rnoticias.com.mx\/Portal\/?p=254121"},"modified":"2026-04-28T10:05:56","modified_gmt":"2026-04-28T17:05:56","slug":"esteban-andrada-se-enfrenta-a-una-sancion-de-hasta-15-partidos","status":"publish","type":"post","link":"https:\/\/rnoticias.com.mx\/Portal\/2026\/04\/28\/esteban-andrada-se-enfrenta-a-una-sancion-de-hasta-15-partidos\/","title":{"rendered":"Esteban Andrada se enfrenta a una sanci\u00f3n de hasta 15 partidos"},"content":{"rendered":"<p>El portero argentino del Real Zaragoza,\u00a0<strong>Esteban Andrada, exarquero de Rayados, puede ser sancionado con una suspensi\u00f3n de hasta 15 partidos<\/strong>\u00a0por el pu\u00f1etazo al capit\u00e1n del S. D. Huesca, Jorge Pulido, durante el derbi aragon\u00e9s disputado en el estadio El Alcoraz el pasado domingo en la jornada 37 de la Liga Hypermotion.<\/p>\n<p>El c\u00f3digo disciplinario de la Real Federaci\u00f3n Espa\u00f1ola de F\u00fatbol (RFEF) establece que una agresi\u00f3n a un rival puede conllevar una sanci\u00f3n de 4 a 12 partidos si no causa lesi\u00f3n, mientras que en caso contrario el castigo aumenta a entre 6 y 15 partidos.<\/p>\n<p>El pu\u00f1etazo de Andrada se produjo en el descuento del encuentro, con el Huesca con ventaja en el marcador 1-0, y despu\u00e9s de que el colegiado Arcediano Monescillo decidiera la expulsi\u00f3n del jugador del Zaragoza. El portero fue a protestar y, en un cruce con Pulido, empuj\u00f3 al defensa y vio la segunda amarilla que le cost\u00f3 la expulsi\u00f3n.<\/p>\n<p>Los jugadores de ambos equipos se enfrentaron sobre el c\u00e9sped y fue entonces cuando el portero argentino perdi\u00f3 la paciencia y\u00a0<strong>le propin\u00f3 un pu\u00f1etazo en la cara que le derrib\u00f3 &#8220;al suelo&#8221; y le caus\u00f3 &#8220;un hematoma en el p\u00f3mulo izquierdo<\/strong>&#8220;, seg\u00fan recoge el acta arbitral.<\/p>\n<p>&nbsp;<\/p>\n","protected":false},"excerpt":{"rendered":"<p>El portero argentino del Real Zaragoza,\u00a0Esteban Andrada, exarquero de Rayados, puede ser sancionado con una suspensi\u00f3n de hasta 15 partidos\u00a0por el pu\u00f1etazo al capit\u00e1n del S. D. Huesca, Jorge Pulido, durante el derbi aragon\u00e9s disputado en el estadio El Alcoraz el pasado domingo en la jornada 37 de la Liga Hypermotion. El c\u00f3digo disciplinario de [&hellip;]<\/p>\n","protected":false},"author":2,"featured_media":254122,"comment_status":"closed","ping_status":"closed","sticky":false,"template":"","format":"standard","meta":{"footnotes":""},"categories":[188,12870],"tags":[5231,12865],"class_list":["post-254121","post","type-post","status-publish","format-standard","has-post-thumbnail","hentry","category-deportes","category-destacadas","tag-deportes","tag-destacadas"],"jetpack_featured_media_url":"https:\/\/rnoticias.com.mx\/Portal\/wp-content\/uploads\/2026\/04\/17773077953255.jpg","amp_enabled":true,"_links":{"self":[{"href":"https:\/\/rnoticias.com.mx\/Portal\/wp-json\/wp\/v2\/posts\/254121","targetHints":{"allow":["GET"]}}],"collection":[{"href":"https:\/\/rnoticias.com.mx\/Portal\/wp-json\/wp\/v2\/posts"}],"about":[{"href":"https:\/\/rnoticias.com.mx\/Portal\/wp-json\/wp\/v2\/types\/post"}],"author":[{"embeddable":true,"href":"https:\/\/rnoticias.com.mx\/Portal\/wp-json\/wp\/v2\/users\/2"}],"replies":[{"embeddable":true,"href":"https:\/\/rnoticias.com.mx\/Portal\/wp-json\/wp\/v2\/comments?post=254121"}],"version-history":[{"count":1,"href":"https:\/\/rnoticias.com.mx\/Portal\/wp-json\/wp\/v2\/posts\/254121\/revisions"}],"predecessor-version":[{"id":254123,"href":"https:\/\/rnoticias.com.mx\/Portal\/wp-json\/wp\/v2\/posts\/254121\/revisions\/254123"}],"wp:featuredmedia":[{"embeddable":true,"href":"https:\/\/rnoticias.com.mx\/Portal\/wp-json\/wp\/v2\/media\/254122"}],"wp:attachment":[{"href":"https:\/\/rnoticias.com.mx\/Portal\/wp-json\/wp\/v2\/media?parent=254121"}],"wp:term":[{"taxonomy":"category","embeddable":true,"href":"https:\/\/rnoticias.com.mx\/Portal\/wp-json\/wp\/v2\/categories?post=254121"},{"taxonomy":"post_tag","embeddable":true,"href":"https:\/\/rnoticias.com.mx\/Portal\/wp-json\/wp\/v2\/tags?post=254121"}],"curies":[{"name":"wp","href":"https:\/\/api.w.org\/{rel}","templated":true}]}}