{"id":254118,"date":"2026-04-28T10:04:33","date_gmt":"2026-04-28T17:04:33","guid":{"rendered":"https:\/\/rnoticias.com.mx\/Portal\/?p=254118"},"modified":"2026-04-28T10:04:33","modified_gmt":"2026-04-28T17:04:33","slug":"anuncia-javier-aguirre-primera-convocatoria-de-la-seleccion-mexicana-para-el-mundial","status":"publish","type":"post","link":"https:\/\/rnoticias.com.mx\/Portal\/2026\/04\/28\/anuncia-javier-aguirre-primera-convocatoria-de-la-seleccion-mexicana-para-el-mundial\/","title":{"rendered":"Anuncia Javier Aguirre primera convocatoria de la Selecci\u00f3n Mexicana para el Mundial"},"content":{"rendered":"<p>Javier Aguirre, director t\u00e9cnico de la Selecci\u00f3n Mexicana,\u00a0<strong>dio a conocer una lista de 20 jugadores de la Liga MX\u00a0<\/strong>para iniciar su concentraci\u00f3n rumbo a la Copa Del Mundo de la FIFA. El 6 de mayo iniciar\u00e1 el campamento del \u2018Tricolor\u2019.<\/p>\n<p>En la lista de 20, figuran 1<strong>2 jugadores que, con base en el acuerdo con los clubes de la liga, est\u00e1n considerados para formar parte de la lista definitiva del Mundial<\/strong>, y 8 jugadores que fungir\u00e1n como \u2018sparring\u2019 y que seguramente no estar\u00e1n en la justa mundialista.<\/p>\n<p>Los jugadores convocados formaran parte de una concentraci\u00f3n extensa, de m\u00e1s de un mes, como parte del plan dise\u00f1ado por Javier Aguirre y la Federaci\u00f3n Mexicana de Futbol con el objetivo de tener la mejor actuaci\u00f3n de M\u00e9xico en una Copa Mundial.<\/p>\n<p>Los elegidos por el \u2018Vasco\u2019, tendr\u00e1n una semana de vacaciones, requerido por la FIFA, y tendr\u00e1n que reportar en el Centro de Alto Rendimiento el pr\u00f3ximo lunes 6 de mayo.<\/p>\n<p><strong>Lista de convocados para la Copa Mundial de la FIFA:<\/strong><\/p>\n<p><strong>Porteros<\/strong><\/p>\n<p>Ra\u00fal Rangel | Chivas<\/p>\n<p>Carlos Acevedo | Santos<\/p>\n<p><strong>Defensas:<\/strong><\/p>\n<p>Israel Reyes | Am\u00e9rica<\/p>\n<p>Jes\u00fas Gallardo | Toluca<\/p>\n<p><strong>Medios:<\/strong><\/p>\n<p>Luis Romo | Chivas<\/p>\n<p>Erik Lira | Cruz Azul<\/p>\n<p>Brian Guti\u00e9rrez | Chivas<\/p>\n<p>Gilberto Mora | Tijuana<\/p>\n<p>Roberto Alvarado | Chivas<\/p>\n<p><strong>Delanteros:<\/strong><\/p>\n<p>Alexis Vega | Toluca<\/p>\n<p>Guillermo Mart\u00ednez | Pumas<\/p>\n<p>Armando Gonz\u00e1lez | Chivas<\/p>\n<p>&nbsp;<\/p>\n<p><strong>Jugadores Sparring:<\/strong><\/p>\n<p><strong>Porteros:<\/strong><\/p>\n<p>\u00d3scar Garc\u00eda | Le\u00f3n<\/p>\n<p><strong>Defensas:<\/strong><\/p>\n<p>Luis Rey | Puebla<\/p>\n<p>Eduardo \u00c1guila | San Luis<\/p>\n<p>Denzell Garc\u00eda | Ju\u00e1rez<\/p>\n<p><strong>Medios:<\/strong><\/p>\n<p>Iker Fimbres | Rayados<\/p>\n<p>Jairo Torres | Ju\u00e1rez<\/p>\n<p><strong>Delantero:<\/strong><\/p>\n<p>Kevin Casta\u00f1eda | Tijuana<\/p>\n","protected":false},"excerpt":{"rendered":"<p>Javier Aguirre, director t\u00e9cnico de la Selecci\u00f3n Mexicana,\u00a0dio a conocer una lista de 20 jugadores de la Liga MX\u00a0para iniciar su concentraci\u00f3n rumbo a la Copa Del Mundo de la FIFA. El 6 de mayo iniciar\u00e1 el campamento del \u2018Tricolor\u2019. En la lista de 20, figuran 12 jugadores que, con base en el acuerdo con [&hellip;]<\/p>\n","protected":false},"author":2,"featured_media":254119,"comment_status":"closed","ping_status":"closed","sticky":false,"template":"","format":"standard","meta":{"footnotes":""},"categories":[188,12870],"tags":[5231,12865],"class_list":["post-254118","post","type-post","status-publish","format-standard","has-post-thumbnail","hentry","category-deportes","category-destacadas","tag-deportes","tag-destacadas"],"jetpack_featured_media_url":"https:\/\/rnoticias.com.mx\/Portal\/wp-content\/uploads\/2026\/04\/9a8b99b47f76632ac64e60c850950c32-268ee5b4.jpg","amp_enabled":true,"_links":{"self":[{"href":"https:\/\/rnoticias.com.mx\/Portal\/wp-json\/wp\/v2\/posts\/254118","targetHints":{"allow":["GET"]}}],"collection":[{"href":"https:\/\/rnoticias.com.mx\/Portal\/wp-json\/wp\/v2\/posts"}],"about":[{"href":"https:\/\/rnoticias.com.mx\/Portal\/wp-json\/wp\/v2\/types\/post"}],"author":[{"embeddable":true,"href":"https:\/\/rnoticias.com.mx\/Portal\/wp-json\/wp\/v2\/users\/2"}],"replies":[{"embeddable":true,"href":"https:\/\/rnoticias.com.mx\/Portal\/wp-json\/wp\/v2\/comments?post=254118"}],"version-history":[{"count":1,"href":"https:\/\/rnoticias.com.mx\/Portal\/wp-json\/wp\/v2\/posts\/254118\/revisions"}],"predecessor-version":[{"id":254120,"href":"https:\/\/rnoticias.com.mx\/Portal\/wp-json\/wp\/v2\/posts\/254118\/revisions\/254120"}],"wp:featuredmedia":[{"embeddable":true,"href":"https:\/\/rnoticias.com.mx\/Portal\/wp-json\/wp\/v2\/media\/254119"}],"wp:attachment":[{"href":"https:\/\/rnoticias.com.mx\/Portal\/wp-json\/wp\/v2\/media?parent=254118"}],"wp:term":[{"taxonomy":"category","embeddable":true,"href":"https:\/\/rnoticias.com.mx\/Portal\/wp-json\/wp\/v2\/categories?post=254118"},{"taxonomy":"post_tag","embeddable":true,"href":"https:\/\/rnoticias.com.mx\/Portal\/wp-json\/wp\/v2\/tags?post=254118"}],"curies":[{"name":"wp","href":"https:\/\/api.w.org\/{rel}","templated":true}]}}